{"id":1082,"date":"2025-12-16T02:14:06","date_gmt":"2025-12-16T02:14:06","guid":{"rendered":"https:\/\/helvilux.lu\/?p=1082"},"modified":"2026-02-14T14:32:36","modified_gmt":"2026-02-14T14:32:36","slug":"wie-lange-wird-kultureller-unterschied-noch-als-entschuldigung-dienen-wahrend-unsere-tochter-leiden","status":"publish","type":"post","link":"https:\/\/helvilux.lu\/index.php\/2025\/12\/16\/wie-lange-wird-kultureller-unterschied-noch-als-entschuldigung-dienen-wahrend-unsere-tochter-leiden\/","title":{"rendered":"Wie lange wird &#8220;kultureller Unterschied&#8221; noch als Entschuldigung dienen, w\u00e4hrend unsere T\u00f6chter leiden?"},"content":{"rendered":"\n<h4 class=\"wp-block-heading\"><strong><strong>Schutz kommt mit Verantwortung: Warum Gender-Respect-Training verpflichtend sein sollte<\/strong><\/strong><\/h4>\n\n\n<div class=\"wp-block-image\">\n<figure class=\"alignright size-full\"><a href=\"https:\/\/helvilux.lu\/index.php\/2025\/12\/15\/how-long-will-cultural-difference-be-an-excuse-while-our-daughters-suffer\/\"><img loading=\"lazy\" decoding=\"async\" width=\"100\" height=\"100\" src=\"https:\/\/helvilux.lu\/wp-content\/uploads\/2025\/12\/read-in-english-helvilux.png\" alt=\"\" class=\"wp-image-814\"\/><\/a><\/figure>\n<\/div>\n\n\n<p><strong>Luxemburg (HELVILUX) \u2013 <\/strong>Luxemburg, die Schweiz, Deutschland, das Vereinigte K\u00f6nigreich, Irland und andere EU-Mitgliedstaaten bieten Asylsuchenden unterschiedliche Leistungen an. Zahlreiche unterst\u00fctzende Organisationen erhalten F\u00f6rdermittel sowohl auf kantonaler (Landes-) als auch auf nationaler Ebene. Dennoch bleiben Fragen offen, inwieweit Anstrengungen unternommen werden, um Asylsuchende \u00fcber angemessenes Verhalten aufzukl\u00e4ren und damit die \u00f6ffentliche Sicherheit zu gew\u00e4hrleisten \u2013 insbesondere f\u00fcr Steuerzahlerinnen und Steuerzahler, Frauen, die arbeiten und Steuern zahlen, die Asylprogramme finanzieren, sowie f\u00fcr die lokale Bev\u00f6lkerung, darunter Minderj\u00e4hrige, die besonders gef\u00e4hrdet sein k\u00f6nnten.<\/p>\n\n\n<div class=\"wp-block-image\">\n<figure class=\"alignleft size-full\"><img loading=\"lazy\" decoding=\"async\" width=\"300\" height=\"80\" src=\"https:\/\/helvilux.lu\/wp-content\/uploads\/2025\/12\/Who-is-responsible-for-ensuring-the-safety-and-protection-of-the-taxpayers-themselves.png\" alt=\"Who is responsible for ensuring the safety and protection of the taxpayers themselves?\" class=\"wp-image-1067\" srcset=\"https:\/\/helvilux.lu\/wp-content\/uploads\/2025\/12\/Who-is-responsible-for-ensuring-the-safety-and-protection-of-the-taxpayers-themselves.png 300w, https:\/\/helvilux.lu\/wp-content\/uploads\/2025\/12\/Who-is-responsible-for-ensuring-the-safety-and-protection-of-the-taxpayers-themselves-150x40.png 150w\" sizes=\"auto, (max-width: 300px) 100vw, 300px\" \/><\/figure>\n<\/div>\n\n\n<p><strong>Welche Ma\u00dfnahmen gibt es, um Vorf\u00e4lle zu verhindern, die von Asylsuchenden oder undokumentierten Migranten m\u00f6glicherweise mit kulturellem Missverst\u00e4ndnis oder Fehlinterpretation sozialer Offenheit gerechtfertigt werden k\u00f6nnten?<\/strong><\/p>\n\n\n\n<p>Heute wirkt die Situation in Europa h\u00e4ufig unausgewogen. Wenn Asylsuchende oder undokumentierte Migranten in einem Land ankommen und Schutz beantragen, erhalten sie in der Regel Unterkunft, Obdach, Kleidung und in manchen L\u00e4ndern sogar Mobiltelefone oder Laptops. Doch angemessene Integrationsprogramme und Aufkl\u00e4rung \u00fcber akzeptables gesellschaftliches Verhalten im Gastland sind oft unzureichend oder fehlen vollst\u00e4ndig.<\/p>\n\n\n\n<p>Gleichzeitig haben Mitglieder der einheimischen Bev\u00f6lkerung, die in finanzielle Not geraten, ihre Arbeit verlieren oder obdachlos werden, h\u00e4ufig Schwierigkeiten, sofortige Hilfe oder Unterbringung durch die eigene Regierung zu erhalten. Im Gegensatz dazu k\u00f6nnen Asylsuchende und undokumentierte Migranten bereits ab dem ersten Ankunftstag eine Unterkunft erhalten. Diese Ungleichheit tritt inmitten einer schweren Wohnungsnot auf, die viele europ\u00e4ische L\u00e4nder betrifft, darunter die Niederlande, Luxemburg, Irland und das Vereinigte K\u00f6nigreich.<\/p>\n\n\n\n<p>Die \u00f6ffentliche Besorgnis wird durch k\u00fcrzlich gemeldete F\u00e4lle versch\u00e4rft, in denen undokumentierte Migranten oder Asylsuchende, deren internationaler Schutzstatus noch gepr\u00fcft wird, der Vergewaltigung, des versuchten sexuellen \u00dcbergriffs oder der sexuellen Bel\u00e4stigung von einheimischen Frauen und Minderj\u00e4hrigen beschuldigt wurden. Solche Vorf\u00e4lle wurden im Vereinigten K\u00f6nigreich, in den Niederlanden, der Schweiz, Italien, Deutschland und anderen europ\u00e4ischen L\u00e4ndern gemeldet. In Luxemburg berichten viele Frauen weiterhin, sich in der N\u00e4he des Hauptbahnhofs (Gare) unsicher zu f\u00fchlen, wo es gelegentlich zu Bel\u00e4stigungen oder \u00dcbergriffen kommt, oft durch Personen, die drogenabh\u00e4ngig oder psychisch belastet sind. Nicht alle dieser Personen sind EU-B\u00fcrger, einige sind jedoch abgelehnte Asylsuchende oder Fl\u00fcchtlinge.<\/p>\n\n\n\n<p>Viele Europ\u00e4erinnen und Europ\u00e4er, die zun\u00e4chst Migranten mit Offenheit und Mitgef\u00fchl willkommen gehei\u00dfen hatten, \u00e4u\u00dfern nun wachsende Sorge um die Sicherheit ihrer Frauen und Kinder und dar\u00fcber, ob ausreichende Schutzma\u00dfnahmen bestehen, um die verletzlichen Mitglieder ihrer eigenen Gemeinschaften zu sch\u00fctzen.<\/p>\n\n\n\n<p>Vor wenigen Tagen wurden zwei 17-j\u00e4hrige afghanische Asylsuchende im Vereinigten K\u00f6nigreich, Jan Jahanzeb und Israr Niazal, am Warwick Crown Court zu Jugendstrafen von zehn Jahren und acht Monaten beziehungsweise neun Jahren und zehn Monaten verurteilt, wegen der Vergewaltigung eines 15-j\u00e4hrigen M\u00e4dchens in Leamington Spa am 10. Mai 2025. Das Duo, das Anfang des Jahres als unbegleitete Minderj\u00e4hrige in das Vereinigte K\u00f6nigreich eingereist war, hatte das Opfer zun\u00e4chst befriedet und isoliert, bevor sie es in einen abgelegenen Bereich eines Parks f\u00fchrten, wo sie die Tat begingen, die das Gericht als &#8220;schrecklich&#8221; bezeichnete, trotz der Hilferufe des M\u00e4dchens.<\/p>\n\n\n\n<p>Beide bekannten sich schuldig, wurden lebenslang in das Sexualstraft\u00e4terregister eingetragen und sehen nun einer m\u00f6glichen Abschiebung entgegen. Jahanzeb hat bereits Abschiebepapiere erhalten.<\/p>\n\n\n<div class=\"wp-block-image\">\n<figure class=\"alignleft size-full is-resized\"><img loading=\"lazy\" decoding=\"async\" width=\"637\" height=\"231\" src=\"https:\/\/helvilux.lu\/wp-content\/uploads\/2025\/12\/image-23.png\" alt=\"\" class=\"wp-image-1040\" style=\"width:428px;height:auto\" srcset=\"https:\/\/helvilux.lu\/wp-content\/uploads\/2025\/12\/image-23.png 637w, https:\/\/helvilux.lu\/wp-content\/uploads\/2025\/12\/image-23-300x109.png 300w, https:\/\/helvilux.lu\/wp-content\/uploads\/2025\/12\/image-23-150x54.png 150w\" sizes=\"auto, (max-width: 637px) 100vw, 637px\" \/><figcaption class=\"wp-element-caption\">Bericht von Martin Fricker \u2013 David Brown in \u00a9 <a href=\"https:\/\/www.thetimes.com\/\">THE TIMES<\/a> Media am Dienstag, 9. Dezember 2025.<\/figcaption><\/figure>\n<\/div>\n\n\n<p>Bereits im Juni 2025 wurde der 29-j\u00e4hrige afghanische Asylsuchende Sadeq Nikzad, der illegal per Boot in das Vereinigte K\u00f6nigreich eingereist war, am High Court in Livingston zu einer erweiterten Freiheitsstrafe von zw\u00f6lf Jahren verurteilt, wegen der Vergewaltigung eines 15-j\u00e4hrigen M\u00e4dchens im Stadtzentrum von Falkirk im Oktober 2023. Das Urteil umfasst neun Jahre Haft, gefolgt von drei Jahren auf Bew\u00e4hrung.<\/p>\n\n\n\n<p>W\u00e4hrend der Strafmilderung argumentierte seine Verteidigerin Janice Green, dass Nikzad nicht \u00fcber die wesentlichen kulturellen Unterschiede zwischen dem Vereinigten K\u00f6nigreich und Afghanistan aufgekl\u00e4rt worden sei, wo Kinderehen h\u00e4ufiger vorkommen. Die Verteidigung f\u00fchrte zudem Sprachbarrieren an und deutete an, dass es Gr\u00fcnde gegeben habe, warum er die Situation <strong>&#8220;missverstanden haben k\u00f6nnte&#8221;<\/strong>, stellte jedoch klar, dass dieses Argument keine Annahme einer rechtm\u00e4\u00dfigen Zustimmung impliziere. Nikzad wurde unbefristet in das Sexualstraft\u00e4terregister eingetragen und muss nach Verb\u00fc\u00dfung seiner Strafe mit einer Abschiebung rechnen.<\/p>\n\n\n\n<p>Solche Vorf\u00e4lle beschr\u00e4nken sich nicht auf die letzten Jahre, sondern folgen einem wiederkehrenden Muster. Im Jahr 2012 wurde der afghanische Fl\u00fcchtling Esmatullah Sharifi in Australien zu 14 Jahren Haft verurteilt, weil er eine betrunkene 18-j\u00e4hrige Frau vergewaltigt hatte, die er vor einem Nachtclub in Melbourne aufgelesen hatte. W\u00e4hrend der Strafmilderung behauptete Sharifi, dass kulturelle Unterschiede aus seiner Heimat zu der Tat beigetragen h\u00e4tten, und f\u00fchrte an, dass seine Herkunft als traumatisierter muslimischer Fl\u00fcchtling, der vor den Taliban geflohen sei, ber\u00fccksichtigt werden sollte. Der Richter wies dieses Argument jedoch entschieden zur\u00fcck und erkl\u00e4rte, dass es keine Entschuldigung f\u00fcr das Verbrechen darstelle. Das Gericht stellte fest, dass Sharifi sich voll bewusst war, dass das Opfer nicht einwilligte, und betonte, dass ein derart brutales Verhalten unmissverst\u00e4ndlich verurteilt werden m\u00fcsse.<\/p>\n\n\n\n<p>Am 23. September 2025 kritisierte Donald Trump w\u00e4hrend seiner Rede vor der Generalversammlung der Vereinten Nationen Europas Umgang mit Migration, warnte, dass die Einwanderungspolitik das <strong>&#8220;europ\u00e4ische Erbe zerst\u00f6re&#8221;<\/strong>, und deutete an, dass Europas Ansatz offener Grenzen scheitern w\u00fcrde, wenn er nicht umgekehrt werde. (<a href=\"https:\/\/youtube.com\/shorts\/vDfIoN2ntaY?si=CRA0DkTRF7T-QJzR\" data-type=\"link\" data-id=\"https:\/\/youtube.com\/shorts\/vDfIoN2ntaY?si=CRA0DkTRF7T-QJzR\">Click here to watch the video<\/a>).<\/p>\n\n\n\n<figure class=\"wp-block-image size-large\"><img loading=\"lazy\" decoding=\"async\" width=\"1024\" height=\"178\" src=\"https:\/\/helvilux.lu\/wp-content\/uploads\/2025\/12\/donald-trump-helvilux-1024x178.png\" alt=\"Europe is in serious trouble. They've been invaded by a force of illegal alliens like nobodys ever seen before. Illegal aliens are pouring into europe and nobody is doing anything to change it to get them out. Its not sustainable and because they choose to be politically correct they are doing just absolutly nothing about it. When your prisons are filled with so called asylumseekers who repaid kindness with crime its time to end the failed experiment of open borders. Your countries are going to Hell.\nDonald Trump, President of United States of America\" class=\"wp-image-1068\" srcset=\"https:\/\/helvilux.lu\/wp-content\/uploads\/2025\/12\/donald-trump-helvilux-1024x178.png 1024w, https:\/\/helvilux.lu\/wp-content\/uploads\/2025\/12\/donald-trump-helvilux-300x52.png 300w, https:\/\/helvilux.lu\/wp-content\/uploads\/2025\/12\/donald-trump-helvilux-768x134.png 768w, https:\/\/helvilux.lu\/wp-content\/uploads\/2025\/12\/donald-trump-helvilux-150x26.png 150w, https:\/\/helvilux.lu\/wp-content\/uploads\/2025\/12\/donald-trump-helvilux-696x121.png 696w, https:\/\/helvilux.lu\/wp-content\/uploads\/2025\/12\/donald-trump-helvilux-1068x186.png 1068w, https:\/\/helvilux.lu\/wp-content\/uploads\/2025\/12\/donald-trump-helvilux.png 1280w\" sizes=\"auto, (max-width: 1024px) 100vw, 1024px\" \/><\/figure>\n\n\n<div class=\"wp-block-image\">\n<figure class=\"alignleft size-full is-resized\"><a href=\"https:\/\/helvilux.lu\/wp-content\/uploads\/2025\/12\/image-24.png\"><img loading=\"lazy\" decoding=\"async\" width=\"347\" height=\"365\" src=\"https:\/\/helvilux.lu\/wp-content\/uploads\/2025\/12\/image-24.png\" alt=\"\" class=\"wp-image-1041\" style=\"aspect-ratio:0.9507500914745701;width:189px;height:auto\" srcset=\"https:\/\/helvilux.lu\/wp-content\/uploads\/2025\/12\/image-24.png 347w, https:\/\/helvilux.lu\/wp-content\/uploads\/2025\/12\/image-24-285x300.png 285w, https:\/\/helvilux.lu\/wp-content\/uploads\/2025\/12\/image-24-150x158.png 150w, https:\/\/helvilux.lu\/wp-content\/uploads\/2025\/12\/image-24-300x316.png 300w\" sizes=\"auto, (max-width: 347px) 100vw, 347px\" \/><\/a><figcaption class=\"wp-element-caption\">Foto <strong>\u00a9<\/strong> <a href=\"https:\/\/www.facebook.com\/nigelfarageofficial\/\" data-type=\"link\" data-id=\"https:\/\/www.facebook.com\/nigelfarageofficial\/\">Nigel Farage<\/a><\/figcaption><\/figure>\n<\/div>\n\n\n<p>Reform-UK-Chef Nigel Farage hob die Verurteilung zweier 17-j\u00e4hriger afghanischer Asylsuchender wegen der Vergewaltigung eines 15-j\u00e4hrigen M\u00e4dchens in Leamington Spa hervor und kritisierte das Argument der Verteidigerin zur Strafmilderung, wonach die Tat auf <strong>&#8220;kulturelle Unterschiede&#8221;<\/strong> zur\u00fcckzuf\u00fchren sei und die T\u00e4ter nicht an eine Gesellschaft gew\u00f6hnt seien, <strong>&#8220;in der Frauen frei sind und als gleichberechtigt zu M\u00e4nnern gelten&#8221;<\/strong>. Farage bezeichnete dies als unakzeptable Entschuldigung und erkl\u00e4rte, dass genau aus diesem Grund solche Personen nicht ins Vereinigte K\u00f6nigreich gelassen werden sollten, angesichts gr\u00f6\u00dferer Sorgen \u00fcber Migration und \u00f6ffentliche Sicherheit.<\/p>\n\n\n\n<p>In sozialen Medien schrieb er: <strong>&#8220;Dieses Verteidigungsargument ist genau der Grund, warum sie \u00fcberhaupt nicht hier sein sollten, wie ich seit Jahren sage.&#8221;<\/strong><\/p>\n\n\n\n<figure class=\"wp-block-image size-large\"><a href=\"https:\/\/helvilux.lu\/wp-content\/uploads\/2025\/12\/ILULU-Program-Tanzania-Helvilux-Article-1-2.png\"><img loading=\"lazy\" decoding=\"async\" width=\"1024\" height=\"178\" src=\"https:\/\/helvilux.lu\/wp-content\/uploads\/2025\/12\/ILULU-Program-Tanzania-Helvilux-Article-1-2-1024x178.png\" alt=\"I feel sick with anger. We do not have to live like this. These men should never have been allowed into our country. Let\u2019s be clear here - their presence is a political choice. -Rupert Lowe, \nMember of the Parlikament of the UK\" class=\"wp-image-1052\" srcset=\"https:\/\/helvilux.lu\/wp-content\/uploads\/2025\/12\/ILULU-Program-Tanzania-Helvilux-Article-1-2-1024x178.png 1024w, https:\/\/helvilux.lu\/wp-content\/uploads\/2025\/12\/ILULU-Program-Tanzania-Helvilux-Article-1-2-300x52.png 300w, https:\/\/helvilux.lu\/wp-content\/uploads\/2025\/12\/ILULU-Program-Tanzania-Helvilux-Article-1-2-768x134.png 768w, https:\/\/helvilux.lu\/wp-content\/uploads\/2025\/12\/ILULU-Program-Tanzania-Helvilux-Article-1-2-150x26.png 150w, https:\/\/helvilux.lu\/wp-content\/uploads\/2025\/12\/ILULU-Program-Tanzania-Helvilux-Article-1-2-696x121.png 696w, https:\/\/helvilux.lu\/wp-content\/uploads\/2025\/12\/ILULU-Program-Tanzania-Helvilux-Article-1-2-1068x186.png 1068w, https:\/\/helvilux.lu\/wp-content\/uploads\/2025\/12\/ILULU-Program-Tanzania-Helvilux-Article-1-2.png 1280w\" sizes=\"auto, (max-width: 1024px) 100vw, 1024px\" \/><\/a><\/figure>\n\n\n\n<p>Das Helvilux-Ermittlungsteam hat herausgefunden, dass in den meisten europ\u00e4ischen L\u00e4ndern, darunter Luxemburg, Deutschland, \u00d6sterreich, Spanien, Italien, Portugal, Irland, das Vereinigte K\u00f6nigreich (Brexit, aber Teil der Dublin-Verordnung) und die Schweiz (nicht Teil der EU, aber Teil des Schengen- und Dublin-Abkommens), Erst-Asylsuchende oder undokumentierte Migranten nur selten dar\u00fcber informiert werden, wie sie sich in der \u00d6ffentlichkeit zu verhalten haben, insbesondere gegen\u00fcber Frauen und Kindern auf europ\u00e4ischem Boden. Eine Orientierung zu angemessenem Sozialverhalten sollte eine zentrale Verantwortung der Regierungen sein, um ihre B\u00fcrgerinnen und B\u00fcrger sowie Einwohner, insbesondere Frauen und Kinder, vor sexuellem Missbrauch zu sch\u00fctzen. Dennoch werden bei sp\u00e4teren Straftaten von Migranten wie Vergewaltigung oder sexueller Bel\u00e4stigung &#8220;kulturelle Unterschiede&#8221; oder angebliche Missverst\u00e4ndnisse \u00fcber die Offenheit westlicher Frauen manchmal als Verteidigung vor Gericht herangezogen.<\/p>\n\n\n\n<p>Das Helvilux-Team hat das <strong>Office National de l\u2019Accueil (ONA)<\/strong> sowie das <strong>Ministerium f\u00fcr Familie, Solidarit\u00e4t, Zusammenleben und Aufnahme von Fl\u00fcchtlingen<\/strong> kontaktiert, um zu erfahren, wie dieses Thema in Luxemburg gehandhabt wird. In mehreren Interviews mit erstmaligen Antragstellern internationalen Schutzes erfuhr das Team, dass niemand Workshops besucht oder Informationen \u00fcber angemessenes Verhalten in der \u00d6ffentlichkeit oder den Umgang mit Frauen und Kindern erhalten hatte. Daher sind Frauen und Kinder, die in Luxemburg leben oder Staatsb\u00fcrgerinnen bzw. Staatsb\u00fcrger sind, dem Risiko ausgesetzt, jederzeit von undokumentierten Ausl\u00e4ndern oder internationalen Schutzsuchenden misshandelt zu werden.<\/p>\n\n\n\n<p>Helvilux hat au\u00dferdem Organisationen im Asyl- und Migrationsbereich in Luxemburg kontaktiert, um herauszufinden, wie Frauen von m\u00e4nnlichen Asylsuchenden innerhalb ihrer Programme behandelt werden. Zum Zeitpunkt der Ver\u00f6ffentlichung haben die meisten Organisationen nicht geantwortet. Sollte Helvilux in Zukunft Antworten erhalten, werden diese aktualisiert, um den Lesern ein umfassendes Verst\u00e4ndnis des Themas zu erm\u00f6glichen.<\/p>\n\n\n<div class=\"wp-block-image\">\n<figure class=\"alignleft size-large is-resized\"><a href=\"https:\/\/www.passerell.lu\/\"><img loading=\"lazy\" decoding=\"async\" width=\"1024\" height=\"425\" src=\"https:\/\/helvilux.lu\/wp-content\/uploads\/2025\/12\/95BCDD40-7871-461E-BDB8-3FC41BF2CFB8-1024x425.png\" alt=\"\" class=\"wp-image-1044\" style=\"aspect-ratio:2.4098434814077625;width:232px;height:auto\" srcset=\"https:\/\/helvilux.lu\/wp-content\/uploads\/2025\/12\/95BCDD40-7871-461E-BDB8-3FC41BF2CFB8-1024x425.png 1024w, https:\/\/helvilux.lu\/wp-content\/uploads\/2025\/12\/95BCDD40-7871-461E-BDB8-3FC41BF2CFB8-300x124.png 300w, https:\/\/helvilux.lu\/wp-content\/uploads\/2025\/12\/95BCDD40-7871-461E-BDB8-3FC41BF2CFB8-768x319.png 768w, https:\/\/helvilux.lu\/wp-content\/uploads\/2025\/12\/95BCDD40-7871-461E-BDB8-3FC41BF2CFB8-1012x420.png 1012w, https:\/\/helvilux.lu\/wp-content\/uploads\/2025\/12\/95BCDD40-7871-461E-BDB8-3FC41BF2CFB8-150x62.png 150w, https:\/\/helvilux.lu\/wp-content\/uploads\/2025\/12\/95BCDD40-7871-461E-BDB8-3FC41BF2CFB8-696x289.png 696w, https:\/\/helvilux.lu\/wp-content\/uploads\/2025\/12\/95BCDD40-7871-461E-BDB8-3FC41BF2CFB8-1068x443.png 1068w, https:\/\/helvilux.lu\/wp-content\/uploads\/2025\/12\/95BCDD40-7871-461E-BDB8-3FC41BF2CFB8.png 1135w\" sizes=\"auto, (max-width: 1024px) 100vw, 1024px\" \/><\/a><\/figure>\n<\/div>\n\n\n<p><strong><a href=\"https:\/\/www.passerell.lu\/\" data-type=\"link\" data-id=\"https:\/\/www.passerell.lu\/\">Passerell a.s.b.l.<\/a><\/strong> ist eine weitere Organisation in Luxemburg, die Asylsuchende und undokumentierte Migranten stark unterst\u00fctzt und sich f\u00fcr deren Rechte, Familienzusammenf\u00fchrung sowie Schutz vor Menschenrechtsverletzungen einsetzt. Helvilux hat Passerell ebenfalls um eine Stellungnahme zu diesem Thema gebeten, jedoch lag zum Zeitpunkt der Ver\u00f6ffentlichung keine Antwort vor.<\/p>\n\n\n\n<p>In Luxemburg gibt es zudem weitere Organisationen, die im Bereich Asyl, Migration, Menschenrechte und Antirassismus t\u00e4tig sind. Dazu z\u00e4hlt beispielsweise <strong><a href=\"https:\/\/onepeople.lu\/\" data-type=\"link\" data-id=\"https:\/\/onepeople.lu\/\">One People a.s.b.l.<\/a><\/strong>, die sich laut eigener Website als b\u00fcrgergef\u00fchrte Organisation gegen Rassismus und f\u00fcr Chancengleichheit versteht. Ebenso die <strong><a href=\"https:\/\/www.croix-rouge.lu\/de\/\" data-type=\"link\" data-id=\"https:\/\/www.croix-rouge.lu\/de\/\">Croix-Rouge Luxembourgeoise<\/a><\/strong>, eine der gr\u00f6\u00dften Organisationen des Landes, die im Asyl- und Migrationsbereich Betreuungs- und Integrationsleistungen anbietet. Auch <strong><a href=\"https:\/\/www.asti.lu\/\" data-type=\"link\" data-id=\"https:\/\/www.asti.lu\/\">ASTI a.s.b.l.<\/a><\/strong> ist laut eigener Darstellung in Programmen zur Integration von Kindern, Jugendlichen, Fl\u00fcchtlingen und undokumentierten Migrantinnen und Migranten sowie im Bereich des Schutzes von Aufenthaltsrechten aktiv. <a href=\"https:\/\/helvilux.lu\" data-type=\"link\" data-id=\"https:\/\/helvilux.lu\">HELVILUX<\/a> hat diese Organisationen um eine Einsch\u00e4tzung oder Stellungnahme zu der Frage gebeten, warum Asylsuchende und undokumentierte Migranten bei ihrer Ankunft in Luxemburg und bei der Beantragung internationalen Schutzes offenbar keine klaren Informationen oder verbindlichen Hinweise dar\u00fcber erhalten, welches Verhalten gegen\u00fcber Frauen und Kindern in dieser europ\u00e4ischen Gesellschaft erwartet wird. <\/p>\n\n\n\n<p>HELVILUX ging davon aus, dass Organisationen, die sich so engagiert f\u00fcr die Rechte von Asylsuchenden und undokumentierten Migranten einsetzen, ebenso sensibel und reaktionsbereit w\u00e4ren, wenn es um die Sicherheit von Frauen und Kindern in Luxemburg geht. Diese Erwartung erwies sich jedoch als m\u00f6glicherweise zu optimistisch Mitgef\u00fchl scheint in der Praxis nicht immer alle gesellschaftlichen Schutzinteressen gleicherma\u00dfen zu umfassen.<\/p>\n\n\n\n<p><a href=\"https:\/\/www.caritas.lu\/\" data-type=\"link\" data-id=\"https:\/\/www.caritas.lu\/\">Caritas Luxemburg<\/a>, die derzeit inaktiv ist, aber fr\u00fcher Bed\u00fcrftige unterst\u00fctzte, unter anderem im Migrations- und Asylbereich, wurde von Helvilux \u00fcber das Fehlen von Orientierung f\u00fcr erstmalige m\u00e4nnliche Asylsuchende in Luxemburg im Hinblick auf respektvolles Verhalten gegen\u00fcber Frauen informiert. Als Reaktion darauf erkl\u00e4rte M. Feit, der im Namen von Caritas sprach: <strong>&#8220;Die meisten der Caritas-Aktivit\u00e4ten wurden 2024 von <a href=\"https:\/\/hut.lu\/\" data-type=\"link\" data-id=\"https:\/\/hut.lu\/\">HUT.lu<\/a> \u00fcbernommen, daher k\u00f6nnen wir dazu keine Stellungnahme abgeben. Es ist erstaunlich, dass dies bei ihrer Recherche nicht aufgefallen ist.&#8221;<\/strong> Es ist bemerkenswert, dass eine inaktive Organisation sich zu diesem wichtigen Thema der Sicherheit von Frauen in Luxemburg \u00e4u\u00dferte, w\u00e4hrend andere aktive Organisationen, die von Helvilux kontaktiert wurden, noch nicht reagiert haben.<\/p>\n\n\n\n<p>HELVILUX Media hat sich au\u00dferdem an <strong>CET \u2013 Centre for Equal Treatment<\/strong>, gegr\u00fcndet gem\u00e4\u00df dem Gesetz vom 28. November 2006, gewandt, um deren Meinung, Rat oder auch eine freundliche Empfehlung an die zust\u00e4ndigen ONA-Beh\u00f6rden weiterzugeben, bez\u00fcglich des Anliegens von HELVILUX, Ma\u00dfnahmen zum Schutz und zur Sicherheit der lokalen Frauen und Kinder in Luxemburg zu gew\u00e4hrleisten.<\/p>\n\n\n\n<p>CET ist, wie wir alle wissen, eine unabh\u00e4ngige Institution, die sich der F\u00f6rderung von Nichtdiskriminierung aufgrund von Rasse, Geschlecht, Behinderung, Alter und weiteren Kriterien widmet \u2013 durch Analyse, \u00dcberwachung, Beratung und Bearbeitung von Beschwerden. Theoretisch klang dies wie die perfekte Anlaufstelle. In der Praxis jedoch erhielten wir keine Antwort. Man kann sich nur fragen: W\u00fcrde die dadurch entstehende Frustration und Wut stillschweigend <strong>&#8220;akzeptable Emotionen&#8221;<\/strong> abwarten, wenn ein Familienmitglied einer lokalen Bewohnerin, eine Frau oder ein Kind von einem Asylsuchenden oder illegalen Migranten sexuell missbraucht oder schlecht behandelt w\u00fcrde? Oder w\u00e4ren wir pl\u00f6tzlich \u00fcberrascht, dass Angst, Ressentiments und Vorw\u00fcrfe von Diskriminierung auftauchen, als w\u00e4ren sie aus dem Nichts entstanden? Anscheinend lassen sich manche Gespr\u00e4che leichter f\u00f6rdern als andere.<\/p>\n\n\n<div class=\"wp-block-image\">\n<figure class=\"alignleft size-full is-resized\"><img loading=\"lazy\" decoding=\"async\" width=\"192\" height=\"243\" src=\"https:\/\/helvilux.lu\/wp-content\/uploads\/2025\/12\/2F1F3AFB-B248-4399-A9AC-5C267699FBCD.png\" alt=\"\" class=\"wp-image-1120\" style=\"width:128px;height:auto\" srcset=\"https:\/\/helvilux.lu\/wp-content\/uploads\/2025\/12\/2F1F3AFB-B248-4399-A9AC-5C267699FBCD.png 192w, https:\/\/helvilux.lu\/wp-content\/uploads\/2025\/12\/2F1F3AFB-B248-4399-A9AC-5C267699FBCD-150x190.png 150w\" sizes=\"auto, (max-width: 192px) 100vw, 192px\" \/><figcaption class=\"wp-element-caption\"><strong>\u00a9<\/strong> <a href=\"https:\/\/cet.lu\/wp-content\/uploads\/2024\/11\/Gilles-small-1.jpg\" data-type=\"link\" data-id=\"https:\/\/cet.lu\/wp-content\/uploads\/2024\/11\/Gilles-small-1.jpg\">Gilles BOULTGEN<\/a><\/figcaption><\/figure>\n<\/div>\n\n\n<p>Nach der Ver\u00f6ffentlichung des Artikels kl\u00e4rte Gilles BOULTGEN, der Exekutivkoordinator des Centre for Equal Treatment (CET), die Position der Organisation und betonte, dass der Hauptfokus ihrer Arbeit auf der F\u00f6rderung und \u00dcberwachung der Gleichbehandlung sowie der Bek\u00e4mpfung von Diskriminierung liegt. W\u00e4hrend das CET jede Form sexueller Gewalt ausdr\u00fccklich verurteilt, wies es darauf hin, dass solche Gewalt, unabh\u00e4ngig von der Herkunft, dem rechtlichen Status oder dem kulturellen Hintergrund der T\u00e4ter, eine schwere Verletzung der Menschenrechte darstellt und nach dem Gesetz strafbar ist. Zudem betonten sie die Bedeutung, ganze Gruppen nicht aufgrund des Verhaltens einzelner Personen zu generalisieren oder zu stereotypisieren, da solche Vorurteile oft zu Diskriminierung f\u00fchren.<\/p>\n\n\n\n<p>Des Weiteren erkl\u00e4rte er, dass sie sich mit der im Artikel angesprochenen spezifischen Thematik noch nicht befasst haben und dass eine detaillierte Stellungnahme eine gr\u00fcndlichere Analyse des Sachverhalts erfordere.<\/p>\n\n\n\n<p>Wie die Leser wissen, hat Helvilux eine Grundlage in der Schweizer Kultur, und unsere Berichterstattung zielt stets auf die Verbesserung sowohl der luxemburgischen als auch der schweizerischen Gesellschaft ab. Daher hat das Helvilux-Ermittlungsteam auch die zust\u00e4ndigen Schweizer Beh\u00f6rden zu diesem Thema kontaktiert. Es ist wichtig zu beachten, dass die Schweiz Heimat eines Asylservice-Anbieters ist, der in den meisten EU-L\u00e4ndern Dienstleistungen in den Bereichen Betreuung und Integration im Migrations- und Asylsektor erbringt. So werden beispielsweise die unter dem CAO betriebenen Asyleinrichtungen in den Niederlanden (Schiffe, die zur Unterbringung von weiblichen Asylsuchenden genutzt werden) von einem Schweizer Unternehmen in Horgen verwaltet. \u00c4hnliche Dienstleistungen und Betreuungskonzepte bestehen auch in anderen EU-L\u00e4ndern. Aus diesem Grund war die Einbindung der Schweizer Beh\u00f6rden ein zentraler Bestandteil unserer Untersuchung.<\/p>\n\n\n\n<p>Zu diesem sensiblen Thema hat Helvilux zudem die ORS Service ag kontaktiert, die Integrations und Betreuungsleistungen im Asyl-und Migrationsbereich nicht nur in der Schweiz, sondern auch in Deutschland, Italien, Spanien, \u00d6sterreich und mehreren weiteren europ\u00e4ischen L\u00e4ndern erbringt. Wir baten ORS um Stellungnahme, doch zum Zeitpunkt der Ver\u00f6ffentlichung lag keine Antwort vor.<\/p>\n\n\n\n<p>Trotz einer 30-j\u00e4hrigen T\u00e4tigkeit als Auftragnehmer in der Schweiz lieferte <strong><a href=\"https:\/\/www.ors-service.org\/en\" data-type=\"link\" data-id=\"https:\/\/www.ors-service.org\/en\">ORS Service AG<\/a><\/strong> keine Informationen dar\u00fcber, ob Workshops f\u00fcr Asylsuchende und Fl\u00fcchtlinge angeboten werden, die ihnen vermitteln, wie sie sich gegen\u00fcber Frauen in westlichen Gesellschaften respektvoll verhalten sollen. Helvilux fragte zudem, wie ORS Schulungen f\u00fcr Mitarbeitende mit Migrationshintergrund durchf\u00fchrt, insbesondere f\u00fcr solche, die m\u00f6glicherweise nicht vollst\u00e4ndig integriert oder mit schweizerischem und europ\u00e4ischem Recht sowie der lokalen Kultur vertraut sind \u2013 auch auf diese Frage blieb eine Antwort aus.<\/p>\n\n\n\n<p>Kurz nach der Ver\u00f6ffentlichung des Artikels nahm Herr Michael Schoenenberger im Auftrag von ORS Service AG Kontakt mit Helvilux Media auf und stellte sich als externer Kommunikationsbeauftragter vor, der in der Schweiz die Medienanfragen in Bezug auf ORS bearbeitet. Er stellte klar: \u201eBei der Ankunft erhalten alle Asylsuchenden eine umfassende Einf\u00fchrung. Diese erkl\u00e4rt die geltenden Verhaltensregeln, die pers\u00f6nlichen Rechte sowie den rechtlichen Rahmen, der f\u00fcr die Schweiz relevant ist, auf verst\u00e4ndliche Weise. Wir legen besonderen Wert auf respektvolles Verhalten und friedliches Zusammenleben. Meldungen \u00fcber Straftaten oder schwerwiegende Vorf\u00e4lle im Umfeld unserer Unterk\u00fcnfte behandeln wir mit gr\u00f6\u00dfter Sorgfalt, kl\u00e4ren sie umgehend und ziehen, falls erforderlich, die zust\u00e4ndigen Schweizer Beh\u00f6rden hinzu.&#8221;<\/p>\n\n\n\n<p>W\u00e4hrend HELVILUX weiterhin nicht von der Antwort von ORS \u00fcberzeugt ist, da diese eher hohl als der tats\u00e4chlichen Realit\u00e4t entspricht (wir haben bereits mehrere Asylsuchende und abgelehnte Asylsuchende interviewt, die in Unterk\u00fcnften leben, die von ORS betrieben und verwaltet werden), haben wir Herrn Schoenenberger darum gebeten, Dokumente vorzulegen, die genau darlegen, was den Asylsuchenden tats\u00e4chlich geboten wird. Dies w\u00fcrde HELVILUX und auch unseren Lesern mehr Klarheit verschaffen.<\/p>\n\n\n\n<p>Inzwischen scheint ORS Service AG, das in der Schweiz und mehreren EU-L\u00e4ndern t\u00e4tig ist, eine PR-Agentur zu ben\u00f6tigen, um die Kommunikation mit HELVILUX Media zu koordinieren. Hier kommt <strong>Hirzel.Neef.Schmid.Konsulenten<\/strong> alias <strong><a href=\"https:\/\/www.konsulenten.ch\/\" data-type=\"link\" data-id=\"https:\/\/www.konsulenten.ch\/\">Konsulenten<\/a><\/strong>, die etablierte Beratungsfirma mit B\u00fcros in Z\u00fcrich, Bern und Genf, ins Spiel \u2013 denn offensichtlich erfordert eine so delikate Angelegenheit das h\u00f6chste Ma\u00df an Expertise. Gesch\u00e4ftsleute k\u00f6nnten darauf hinweisen, dass das Motto auf ihrer Website <strong><em>&#8220;Ihr Ruf ist unsere Mission&#8221;<\/em><\/strong> darauf hindeutet, dass ihre Dienstleistungen speziell f\u00fcr die anspruchsvollsten Kunden zugeschnitten sind. Wer w\u00fcrde nicht annehmen, dass die Verwaltung von Migrationspflegevertr\u00e4gen in der Schweiz, \u00d6sterreich, Deutschland, Italien und Belgien so lukrativ ist, dass ORS problemlos in solch exklusive PR-Dienste investieren kann?<\/p>\n\n\n\n<p>Serco best\u00e4tigte den Erhalt der E-Mail und erkl\u00e4rte, dass man zu gegebener Zeit antworten werde. Das Unternehmen riet zudem, das Home Office zu kontaktieren, da es in Gro\u00dfbritannien unter dessen Leitung operiere. Allerdings ging Serco nicht auf seine Verantwortlichkeiten au\u00dferhalb des Vereinigten K\u00f6nigreichs ein, obwohl es auch in mehreren europ\u00e4ischen L\u00e4ndern sowie in Australien t\u00e4tig ist (<a href=\"https:\/\/helvilux.lu\/wp-admin\/upload.php?item=1146\" data-type=\"link\" data-id=\"https:\/\/helvilux.lu\/wp-admin\/upload.php?item=1146\">Klicken Sie hier, um den Brief zu lesen<\/a>).<\/p>\n\n\n\n<p>Dies ist ein hochsensibles Thema, das die Sicherheit von in der Schweiz lebenden Frauen, Frauen im Asylverfahren sowie weiblichen Mitarbeitenden von ORS und dessen Muttergesellschaft Serco betrifft.<\/p>\n\n\n\n<p>Ein Sprecher von Serco sagte: <strong><em>&#8220;Wir bieten allen Asylsuchenden, die in unserer Unterkunft ankommen, eine Einf\u00fchrung, in der die erwarteten Verhaltensstandards, individuellen Rechte und relevanten britischen Gesetze erl\u00e4utert werden. Dies umfasst auch den respektvollen Umgang miteinander, und wir nehmen alle Meldungen \u00fcber Straftaten von Personen, die in unserer Unterkunft leben, sehr ernst.&#8221;<\/em><\/strong><\/p>\n\n\n\n<h2 class=\"wp-block-heading\"><strong><strong>Kanton in der Schweiz zeigt bessere Initiative<\/strong><\/strong><\/h2>\n\n\n\n<p>Ein ehemaliger Asylaktivist und heutiger Einwohner des Kantons Z\u00fcrich berichtete Helvilux Media, dass in Z\u00fcrich, wenn ein Asylsuchender vom Bund dem Kanton zugewiesen wird, sowohl M\u00e4nner als auch Frauen an einem Workshop teilnehmen, der von AOZ (ein Auftragnehmer, der Betreuungs- und Integrationsdienste im Migrations- und Asylbereich im Kanton Z\u00fcrich anbietet) organisiert wird.<\/p>\n\n\n<div class=\"wp-block-image\">\n<figure class=\"alignleft size-large is-resized\"><img loading=\"lazy\" decoding=\"async\" width=\"576\" height=\"1024\" src=\"https:\/\/helvilux.lu\/wp-content\/uploads\/2025\/12\/ILULU-Program-Tanzania-Helvilux-Article-1-576x1024.png\" alt=\"\" class=\"wp-image-880\" style=\"width:215px;height:auto\" srcset=\"https:\/\/helvilux.lu\/wp-content\/uploads\/2025\/12\/ILULU-Program-Tanzania-Helvilux-Article-1-576x1024.png 576w, https:\/\/helvilux.lu\/wp-content\/uploads\/2025\/12\/ILULU-Program-Tanzania-Helvilux-Article-1-169x300.png 169w, https:\/\/helvilux.lu\/wp-content\/uploads\/2025\/12\/ILULU-Program-Tanzania-Helvilux-Article-1-768x1365.png 768w, https:\/\/helvilux.lu\/wp-content\/uploads\/2025\/12\/ILULU-Program-Tanzania-Helvilux-Article-1-864x1536.png 864w, https:\/\/helvilux.lu\/wp-content\/uploads\/2025\/12\/ILULU-Program-Tanzania-Helvilux-Article-1-236x420.png 236w, https:\/\/helvilux.lu\/wp-content\/uploads\/2025\/12\/ILULU-Program-Tanzania-Helvilux-Article-1-150x267.png 150w, https:\/\/helvilux.lu\/wp-content\/uploads\/2025\/12\/ILULU-Program-Tanzania-Helvilux-Article-1-300x533.png 300w, https:\/\/helvilux.lu\/wp-content\/uploads\/2025\/12\/ILULU-Program-Tanzania-Helvilux-Article-1-696x1237.png 696w, https:\/\/helvilux.lu\/wp-content\/uploads\/2025\/12\/ILULU-Program-Tanzania-Helvilux-Article-1-1068x1899.png 1068w, https:\/\/helvilux.lu\/wp-content\/uploads\/2025\/12\/ILULU-Program-Tanzania-Helvilux-Article-1.png 1080w\" sizes=\"auto, (max-width: 576px) 100vw, 576px\" \/><\/figure>\n<\/div>\n\n\n<p>Das Helvilux-Ermittlungsteam stellte jedoch fest, dass von dem Zeitpunkt an, an dem ein Asylsuchender internationalen Schutz beantragt und in einer Bundesunterkunft untergebracht wird, bis zu seiner \u00dcberstellung in den Kanton \u2013 ein Zeitraum, der oft drei bis neun Monate dauert \u2013 die Frage unbeantwortet bleibt: Wer ist w\u00e4hrend dieses Zeitraums verantwortlich, wenn ein m\u00e4nnlicher Asylsuchender sich danebenbenimmt oder versucht, eine Frau zu bel\u00e4stigen? Die Frau k\u00f6nnte eine andere Asylsuchende in derselben Unterkunft sein, eine weibliche Mitarbeiterin im Bundesasylcamp, eine Schweizer B\u00fcrgerin und Einwohnerin oder jede andere lokale Frau auf Schweizer Boden.<\/p>\n\n\n\n<p>Vor einigen Tagen ver\u00f6ffentlichte Helvilux einen Artikel, der angeblich unethische Praktiken von AOZ aufdeckte, darunter mutma\u00dfliche Verst\u00f6\u00dfe gegen Datenschutz und Mietgesetze, die Personen betreffen, die in sozialen Unterk\u00fcnften der Organisation leben. (<a href=\"https:\/\/helvilux.lu\/index.php\/2025\/12\/08\/is-sozialamt-zurich-shielding-officials-accused-of-abuse-by-withholding-documents\/\" data-type=\"link\" data-id=\"https:\/\/helvilux.lu\/index.php\/2025\/12\/08\/is-sozialamt-zurich-shielding-officials-accused-of-abuse-by-withholding-documents\/\">Click here to read the article.<\/a>)<\/p>\n\n\n\n<p>Um dies zu untersuchen, kontaktierte Helvilux <strong><a href=\"https:\/\/aoz.ch\/en\" data-type=\"link\" data-id=\"https:\/\/aoz.ch\/en\">AOZ<\/a><\/strong> (zust\u00e4ndige \u00f6ffentliche Einrichtung in Teilen des Kantons und der Stadt Z\u00fcrich), <strong><a href=\"https:\/\/www.eu-homecare.com\/de\/\" data-type=\"link\" data-id=\"https:\/\/www.eu-homecare.com\/de\/\">European Home GmbH<\/a><\/strong> (zust\u00e4ndig in Deutschland), <strong><a href=\"https:\/\/www.ors-service.org\/\" data-type=\"link\" data-id=\"https:\/\/www.ors-service.org\/\">ORS<\/a><\/strong> und <strong><a href=\"https:\/\/www.serco.com\/\" data-type=\"link\" data-id=\"https:\/\/www.serco.com\/\">Serco<\/a><\/strong> (zust\u00e4ndig in der gesamten Schweiz, im Vereinigten K\u00f6nigreich, Deutschland, Italien, Spanien, Belgien und weiteren EU-L\u00e4ndern sowie Australien).<\/p>\n\n\n\n<p>Helvilux bat zudem Organisationen (finanziert durch Spenden und F\u00f6rdermittel), die h\u00e4ufig die Rechte von Asylsuchenden und undokumentierten Migranten vertreten, um Stellungnahme. Dabei wurde gefragt, ob sie sich auch um die Sicherheit einheimischer Frauen und Steuerzahlerinnen in der Schweiz sorgen, falls es zu Fehlverhalten eines Asylsuchenden oder undokumentierten Migranten kommt. Leider lagen zum Zeitpunkt der Ver\u00f6ffentlichung keine Antworten dieser Organisationen vor, darunter <strong><a href=\"https:\/\/www.fluechtlingshilfe.ch\/aktiv-werden\/spenden\/?https:\/\/www.fluechtlingshilfe.ch\/?utm_source=google&amp;utm_medium=adgrants&amp;utm_campaign=spenden_de&amp;gad_source=1&amp;gad_campaignid=21147291577&amp;gbraid=0AAAAAoaRcU9Cm0xCcdQcAq6FpotPhIpH2&amp;gclid=CjwKCAiA3fnJBhAgEiwAyqmY5TEgjo9IxXjkrI9T28Flgm2BL0BXLWqHkjoNUImdVYqG0YfhFjdhmBoCcOQQAvD_BwE\" data-type=\"link\" data-id=\"https:\/\/www.fluechtlingshilfe.ch\/aktiv-werden\/spenden\/?https:\/\/www.fluechtlingshilfe.ch\/?utm_source=google&amp;utm_medium=adgrants&amp;utm_campaign=spenden_de&amp;gad_source=1&amp;gad_campaignid=21147291577&amp;gbraid=0AAAAAoaRcU9Cm0xCcdQcAq6FpotPhIpH2&amp;gclid=CjwKCAiA3fnJBhAgEiwAyqmY5TEgjo9IxXjkrI9T28Flgm2BL0BXLWqHkjoNUImdVYqG0YfhFjdhmBoCcOQQAvD_BwE\">SFH<\/a> (Schweizerischer Fl\u00fcchtlingsrat)<\/strong>, <strong><a href=\"https:\/\/asylex.org\/\" data-type=\"link\" data-id=\"https:\/\/asylex.org\/\">Asylex<\/a><\/strong>, <strong><a href=\"https:\/\/en.heks.ch\/\" data-type=\"link\" data-id=\"https:\/\/en.heks.ch\/\">HEKS EPER<\/a><\/strong>, <strong><a href=\"https:\/\/freiplatzaktion.ch\/\" data-type=\"link\" data-id=\"https:\/\/freiplatzaktion.ch\/\">Freiplattaktion<\/a><\/strong>, <strong><a href=\"https:\/\/www.humanrights.ch\/de\/\" data-type=\"link\" data-id=\"https:\/\/www.humanrights.ch\/de\/\">Humanrights.ch<\/a><\/strong>, <strong><a href=\"https:\/\/www.sans-papiers.ch\/de\" data-type=\"link\" data-id=\"https:\/\/www.sans-papiers.ch\/de\">Sans Papier<\/a><\/strong>, <strong><a href=\"https:\/\/sans-papiers-zuerich.ch\/\" data-type=\"link\" data-id=\"https:\/\/sans-papiers-zuerich.ch\/\">SPAZ<\/a> (Sans-Papier Anlaufstelle Z\u00fcrich)<\/strong> und <strong><a href=\"https:\/\/www.caritas.ch\/de\/\">Caritas Schweiz<\/a><\/strong>.<\/p>\n\n\n\n<p>Nach der Ver\u00f6ffentlichung dieses Artikels kontaktierte die Mediensprecherin der <a href=\"https:\/\/www.fluechtlingshilfe.ch\/aktiv-werden\/spenden\/?https:\/\/www.fluechtlingshilfe.ch\/?utm_source=google&amp;utm_medium=adgrants&amp;utm_campaign=spenden_de&amp;gad_source=1&amp;gad_campaignid=21147291577&amp;gbraid=0AAAAAoaRcU9Cm0xCcdQcAq6FpotPhIpH2&amp;gclid=CjwKCAiA3fnJBhAgEiwAyqmY5TEgjo9IxXjkrI9T28Flgm2BL0BXLWqHkjoNUImdVYqG0YfhFjdhmBoCcOQQAvD_BwE\" data-type=\"link\" data-id=\"https:\/\/www.fluechtlingshilfe.ch\/aktiv-werden\/spenden\/?https:\/\/www.fluechtlingshilfe.ch\/?utm_source=google&amp;utm_medium=adgrants&amp;utm_campaign=spenden_de&amp;gad_source=1&amp;gad_campaignid=21147291577&amp;gbraid=0AAAAAoaRcU9Cm0xCcdQcAq6FpotPhIpH2&amp;gclid=CjwKCAiA3fnJBhAgEiwAyqmY5TEgjo9IxXjkrI9T28Flgm2BL0BXLWqHkjoNUImdVYqG0YfhFjdhmBoCcOQQAvD_BwE\">SFH (Schweizerischer Fl\u00fcchtlingsrat)<\/a>, <a href=\"https:\/\/www.refugeecouncil.ch\/media\" data-type=\"link\" data-id=\"https:\/\/www.refugeecouncil.ch\/media\">Eliane Engeler<\/a>, Helvilux und stellte klar: <strong>&#8220;Die SFH ist eine Dachorganisation und daher nicht operativ t\u00e4tig. Das bedeutet, dass sie nicht direkt mit Asylsuchenden arbeitet, weder im Bereich Unterbringung\/Integration noch im Asylverfahren. Wir sind daher nicht die richtige Anlaufstelle f\u00fcr Ihre Fragen.&#8221;<\/strong><\/p>\n\n\n\n<p>Als Dachorganisation kann die SFH jedoch nach wie vor ihre Meinung \u00e4u\u00dfern, insbesondere zu diesem sensiblen und vorrangigen Thema, das die Sicherheit der lokalen Bev\u00f6lkerung in der Schweiz betrifft, insbesondere von Frauen und Kindern. Als Vertretungsorganisation kann die SFH auch Empfehlungen an die SEM-Beh\u00f6rden weitergeben, bezogen auf die von Helvilux gestellten Anfragen. Tats\u00e4chlich h\u00e4tte dieses Thema bereits vor mehreren Jahren von der SFH behandelt werden sollen, weshalb nun die Medien die Nachverfolgung bei den SEM-Beh\u00f6rden \u00fcbernehmen m\u00fcssen. Helvilux hofft weiterhin auf eine Antwort auf die gestellten Fragen und ermutigt die SFH, sich bei den zust\u00e4ndigen Beh\u00f6rden f\u00fcr die Verbesserung der Sicherheit von Frauen und Kindern in der Schweiz einzusetzen.<\/p>\n\n\n<div class=\"wp-block-image\">\n<figure class=\"alignleft size-full is-resized\"><img loading=\"lazy\" decoding=\"async\" width=\"300\" height=\"80\" src=\"https:\/\/helvilux.lu\/wp-content\/uploads\/2025\/12\/ILULU-Program-Tanzania-Helvilux-Article-2-2.png\" alt=\"Therefore, the question arises, Who should be the priority for Swiss government, and organisations? \" class=\"wp-image-1073\" style=\"width:234px;height:auto\" srcset=\"https:\/\/helvilux.lu\/wp-content\/uploads\/2025\/12\/ILULU-Program-Tanzania-Helvilux-Article-2-2.png 300w, https:\/\/helvilux.lu\/wp-content\/uploads\/2025\/12\/ILULU-Program-Tanzania-Helvilux-Article-2-2-150x40.png 150w\" sizes=\"auto, (max-width: 300px) 100vw, 300px\" \/><\/figure>\n<\/div>\n\n\n<p>Die Sicherheit einheimischer Frauen \u2013 oder der Schutz von Asylsuchenden, die auf Schweizer Boden sexuelle \u00dcbergriffe begehen? Dies ist eine dringende Sorge, die von Steuerzahlerinnen und Steuerzahlern in der Schweiz ge\u00e4u\u00dfert wird.<\/p>\n\n\n\n<p>Helvilux hat zudem das <strong><a href=\"https:\/\/www.sem.admin.ch\/sem\/en\/home.html\">Staatssekretariat f\u00fcr Migration<\/a> (SEM)<\/strong> kontaktiert und gefordert, dass jeder m\u00e4nnliche Asylsuchende, der erstmals internationalen Schutz beantragt, am ersten Tag eine Einweisung erh\u00e4lt und an einem kurzen Workshop teilnimmt, der die Folgen von Fehlverhalten, einschlie\u00dflich sexueller \u00dcbergriffe auf Frauen oder Kinder auf Schweizer Boden, erl\u00e4utert. Praktiken, die in einigen L\u00e4ndern wie Marokko, Algerien, \u00c4gypten, Eritrea, Libyen, Gambia, Ghana, Pakistan, Indien, Bangladesch, Irak oder Afghanistan toleriert werden, sind in westlichen Gesellschaften nicht akzeptabel und m\u00fcssen von Neuzug\u00e4ngen eindeutig verstanden werden.<\/p>\n\n\n<div class=\"wp-block-image\">\n<figure class=\"alignright size-large is-resized\"><img loading=\"lazy\" decoding=\"async\" width=\"1024\" height=\"589\" src=\"https:\/\/helvilux.lu\/wp-content\/uploads\/2025\/12\/image-38-1024x589.png\" alt=\"\" class=\"wp-image-1080\" style=\"aspect-ratio:1.73750815394651;width:179px;height:auto\" srcset=\"https:\/\/helvilux.lu\/wp-content\/uploads\/2025\/12\/image-38-1024x589.png 1024w, https:\/\/helvilux.lu\/wp-content\/uploads\/2025\/12\/image-38-300x173.png 300w, https:\/\/helvilux.lu\/wp-content\/uploads\/2025\/12\/image-38-768x442.png 768w, https:\/\/helvilux.lu\/wp-content\/uploads\/2025\/12\/image-38-1536x884.png 1536w, https:\/\/helvilux.lu\/wp-content\/uploads\/2025\/12\/image-38-2048x1179.png 2048w, https:\/\/helvilux.lu\/wp-content\/uploads\/2025\/12\/image-38-730x420.png 730w, https:\/\/helvilux.lu\/wp-content\/uploads\/2025\/12\/image-38-150x86.png 150w, https:\/\/helvilux.lu\/wp-content\/uploads\/2025\/12\/image-38-696x401.png 696w, https:\/\/helvilux.lu\/wp-content\/uploads\/2025\/12\/image-38-1068x615.png 1068w, https:\/\/helvilux.lu\/wp-content\/uploads\/2025\/12\/image-38-1920x1105.png 1920w\" sizes=\"auto, (max-width: 1024px) 100vw, 1024px\" \/><figcaption class=\"wp-element-caption\">\u00a9 <a href=\"https:\/\/aoz.ch\/de\/kurse-und-angebote\/info-line-fuer-gefluechtete\">AOZ-Informationshotline f\u00fcr Fl\u00fcchtlinge im Kanton Z\u00fcrich<\/a>, die Unterst\u00fctzung in 13 Sprachen anbietet.<\/figcaption><\/figure>\n<\/div>\n\n\n<p>In Z\u00fcrich stellen sowohl die Integrationsinstitutionen auf Kantonsebene als auch auf Stadtebene j\u00e4hrlich Mittel f\u00fcr AOZ bereit, um eine mehrsprachige Infoline f\u00fcr Asylsuchende zu betreiben. Diese Hotline bietet Unterst\u00fctzung in 13 Sprachen an, darunter Arabisch, Dari, Farsi, Kurmanji, Paschtu, Sorani und Tigrinya. Zwar ist die Hotline zug\u00e4nglich, jedoch scheint sie Asylsuchende nicht ausreichend zu motivieren, Deutsch zu lernen, die Amtssprache des Kantons, die f\u00fcr eine erfolgreiche Integration entscheidend ist.<\/p>\n\n\n<div class=\"wp-block-image\">\n<figure class=\"alignleft size-full is-resized\"><img loading=\"lazy\" decoding=\"async\" width=\"833\" height=\"156\" src=\"https:\/\/helvilux.lu\/wp-content\/uploads\/2025\/12\/image-32.png\" alt=\"\" class=\"wp-image-1070\" style=\"aspect-ratio:5.340016038492382;width:339px;height:auto\" srcset=\"https:\/\/helvilux.lu\/wp-content\/uploads\/2025\/12\/image-32.png 833w, https:\/\/helvilux.lu\/wp-content\/uploads\/2025\/12\/image-32-300x56.png 300w, https:\/\/helvilux.lu\/wp-content\/uploads\/2025\/12\/image-32-768x144.png 768w, https:\/\/helvilux.lu\/wp-content\/uploads\/2025\/12\/image-32-150x28.png 150w, https:\/\/helvilux.lu\/wp-content\/uploads\/2025\/12\/image-32-696x130.png 696w\" sizes=\"auto, (max-width: 833px) 100vw, 833px\" \/><figcaption class=\"wp-element-caption\">\u00a9 <a href=\"https:\/\/aoz.ch\/de\/kurse-und-angebote\/info-line-fuer-gefluechtete\">AOZ-Informationshotline f\u00fcr Fl\u00fcchtlinge<\/a> gab an, dass sie institutionelle Zusammenarbeit sowohl mit dem Integrationsdepartement des Kantons als auch mit der Stadt Z\u00fcrich erhalten.<\/figcaption><\/figure>\n<\/div>\n\n\n<p>Laut Website von AOZ beantwortet die Hotline Fragen zum Leben im Kanton, unter anderem zu Unterkunft, Arbeit, Deutschlernen, Schule und Freizeitaktivit\u00e4ten. Die Berater sprechen mehrere Sprachen und k\u00f6nnen Anrufer an relevante Fachstellen oder Beratungszentren weiterleiten. Dieses System bleibt f\u00fcr viele einheimische Schweizerinnen und Schweizer schwer nachvollziehbar. Sie fragen sich, warum in einem Land mit vier Landessprachen (Deutsch, Franz\u00f6sisch, Italienisch und R\u00e4toromanisch) und weit verbreiteter Nutzung von Englisch als internationale Sprache so viele zus\u00e4tzliche Sprachen angeboten werden, obwohl Asylsuchende bereits auf Bundesebene einem Kanton wie Z\u00fcrich zugewiesen wurden, in dem Deutsch die Amtssprache ist. Kritiker argumentieren, dass umfangreiche Dienstleistungen in mehreren Fremdsprachen auf Kantonsebene die Motivation der Asylsuchenden, die Landessprache zu erlernen, mindern k\u00f6nnten, wodurch die Infoline f\u00fcr Fl\u00fcchtlinge dem eigentlichen Ziel der Integration entgegenwirken k\u00f6nnte. Helvilux hat AOZ hierzu um Klarstellung gebeten, jedoch keine Antwort erhalten.<\/p>\n\n\n\n<p>Helvilux ist daher der Ansicht, dass <strong><a href=\"https:\/\/helvilux.lu\/?page_id=1088\" data-type=\"link\" data-id=\"https:\/\/helvilux.lu\/?page_id=1088\">KIP<\/a> (Integrationsdepartement des Kantons Z\u00fcrich)<\/strong> und die <strong><a href=\"https:\/\/www.stadt-zuerich.ch\/de\/politik-und-verwaltung\/stadtverwaltung\/prd\/stez.html\" data-type=\"link\" data-id=\"https:\/\/www.stadt-zuerich.ch\/de\/politik-und-verwaltung\/stadtverwaltung\/prd\/stez.html\">Stadtentwicklung der Stadt Z\u00fcrich<\/a><\/strong> die Mittelvergabe f\u00fcr Integration \u00fcberdenken sollten, um sicherzustellen, dass Ressourcen effektiv eingesetzt werden, um Sprachkenntnisse und soziale Integration zu f\u00f6rdern \u2013 was auch der Schweizer Gesellschaft zugutekommt.<\/p>\n\n\n\n<p>Helvilux richtete zudem weitere Anfragen an das Integrationsdepartement des Kantons Z\u00fcrich (KIP) und die Stadtentwicklung der Stadt Z\u00fcrich mit der Aufforderung, ein Programm zu implementieren, das Asylsuchenden am ersten Tag im Kanton Orientierung bietet. Das vorgeschlagene Programm soll insbesondere angemessenes Verhalten gegen\u00fcber Frauen in der Schweiz erl\u00e4utern und die rechtlichen sowie sozialen Konsequenzen von sexuellen \u00dcbergriffen oder anderen Straftaten auf Schweizer Boden klar aufzeigen. Eine solche Initiative w\u00e4re ein konkreter Schritt zur Verbesserung der Sicherheit und des Schutzes von Frauen in der Schweizer Gesellschaft.<\/p>\n\n\n<div class=\"wp-block-image\">\n<figure class=\"alignleft size-full is-resized\"><img loading=\"lazy\" decoding=\"async\" width=\"210\" height=\"226\" src=\"https:\/\/helvilux.lu\/wp-content\/uploads\/2025\/12\/image-43.png\" alt=\"\" class=\"wp-image-1129\" style=\"width:146px;height:auto\" srcset=\"https:\/\/helvilux.lu\/wp-content\/uploads\/2025\/12\/image-43.png 210w, https:\/\/helvilux.lu\/wp-content\/uploads\/2025\/12\/image-43-150x161.png 150w\" sizes=\"auto, (max-width: 210px) 100vw, 210px\" \/><figcaption class=\"wp-element-caption\">\u00a9 Nadia Sambuco Medienanfragen, Fachspezialistin Information &amp; Kommunikation<\/figcaption><\/figure>\n<\/div>\n\n\n<p>Als Antwort auf die Anfrage von Helvilux Media erkl\u00e4rte Nadia Sambuco, Mediensprecherin und Fachspezialistin f\u00fcr Information &amp; Kommunikation bei der Fachstelle Integration des Kantons Z\u00fcrich (KIP), die aktuellen Integrationsbem\u00fchungen im Kanton Z\u00fcrich. Die Fachstelle Integration orientiert sich dabei an den Vorgaben der Integrationsagenda Schweiz, die einen m\u00f6glichst raschen Zugang zu Integrationsf\u00f6rderma\u00dfnahmen f\u00fcr Gefl\u00fcchtete priorisiert.<\/p>\n\n\n\n<p>Laut Frau Sambuco beginnt der Erstinformationsprozess f\u00fcr Gefl\u00fcchtete unmittelbar nach ihrer Zuweisung in die kantonalen Zentren, wobei die Informationen in den Muttersprachen der Gefl\u00fcchteten bereitgestellt werden. Dies umfasst unter anderem Angaben zu Rechten und Pflichten, sozialen Normen sowie zu verschiedenen Integrationsthemen wie Bildung, Arbeit, Wohnen und Unterst\u00fctzungsangeboten.<\/p>\n\n\n\n<p>Die Erstinformation wird aus Mitteln der Integrationspauschale des Bundes finanziert und in Zusammenarbeit mit weiteren Organisationen angeboten, einschlie\u00dflich der AOZ Info-Line f\u00fcr Gefl\u00fcchtete, die in 14 Sprachen verf\u00fcgbar ist. Dar\u00fcber hinaus wird der Integrationsansatz des Kantons Z\u00fcrich im Kantonalen Integrationsprogramm 2024\u20132027 (KIP3) sowie im j\u00e4hrlichen Monitoring-Bericht zur Integrationsagenda des Kantons Z\u00fcrich (IAZH) dargestellt. Links zu diesen Publikationen stehen zur weiteren Information bereit: <a>Kantonales Integrationsprogramm 2024\u20132027 (KIP3)<\/a> und <a>Monitoring-Bericht 2024 zur Integrationsagenda des Kantons Z\u00fcrich (IAZH)<\/a>.<\/p>\n\n\n\n<p><strong><strong>Caritas Schweiz zur Geschlechtergleichstellung in Asylprogrammen<\/strong><\/strong><\/p>\n\n\n<div class=\"wp-block-image\">\n<figure class=\"alignright size-large is-resized\"><img loading=\"lazy\" decoding=\"async\" width=\"1024\" height=\"576\" src=\"https:\/\/helvilux.lu\/wp-content\/uploads\/2025\/12\/image-44-1024x576.png\" alt=\"\" class=\"wp-image-1136\" style=\"aspect-ratio:1.777781485683775;width:258px;height:auto\" srcset=\"https:\/\/helvilux.lu\/wp-content\/uploads\/2025\/12\/image-44-1024x576.png 1024w, https:\/\/helvilux.lu\/wp-content\/uploads\/2025\/12\/image-44-300x169.png 300w, https:\/\/helvilux.lu\/wp-content\/uploads\/2025\/12\/image-44-768x432.png 768w, https:\/\/helvilux.lu\/wp-content\/uploads\/2025\/12\/image-44-1536x864.png 1536w, https:\/\/helvilux.lu\/wp-content\/uploads\/2025\/12\/image-44-747x420.png 747w, https:\/\/helvilux.lu\/wp-content\/uploads\/2025\/12\/image-44-150x84.png 150w, https:\/\/helvilux.lu\/wp-content\/uploads\/2025\/12\/image-44-696x392.png 696w, https:\/\/helvilux.lu\/wp-content\/uploads\/2025\/12\/image-44-1068x601.png 1068w, https:\/\/helvilux.lu\/wp-content\/uploads\/2025\/12\/image-44.png 1920w\" sizes=\"auto, (max-width: 1024px) 100vw, 1024px\" \/><figcaption class=\"wp-element-caption\">\u00a9 Daria Jenni, Mediensprecherin Caritas Schweiz.<\/figcaption><\/figure>\n<\/div>\n\n\n<p>Im Namen von Caritas Schweiz erkl\u00e4rte die Mediensprecherin Daria Jenni gegen\u00fcber Helvilux: <em>&#8220;Wir halten es f\u00fcr wichtig, das Bewusstsein f\u00fcr Geschlechterrollen und Geschlechtergleichstellung in der Schweiz zu f\u00f6rdern; daher spielt es eine Rolle in unserer Integrationsarbeit und ist ein grundlegender Bestandteil unseres Mandats. In den Asylf\u00e4llen, die wir derzeit im Auftrag verschiedener Kantone betreuen, bieten wir verschiedene Module zur Bildung und Sensibilisierung bez\u00fcglich Geschlechterrollen, Gleichstellung, Verhaltensregeln und Rechten in der Schweiz sowie anderer relevanter Themen f\u00fcr die Integration an. Die konkrete Gestaltung der Module variiert von Fall zu Fall.&#8221;<\/em><\/p>\n\n\n<div class=\"wp-block-image\">\n<figure class=\"alignleft size-full is-resized\"><img loading=\"lazy\" decoding=\"async\" width=\"300\" height=\"180\" src=\"https:\/\/helvilux.lu\/wp-content\/uploads\/2025\/12\/female-specialists-are-deliberately-included-in-leadership-roles-and-housework-is-divided-equally-between-genders.png\" alt=\"\" class=\"wp-image-1137\" style=\"width:245px;height:auto\" srcset=\"https:\/\/helvilux.lu\/wp-content\/uploads\/2025\/12\/female-specialists-are-deliberately-included-in-leadership-roles-and-housework-is-divided-equally-between-genders.png 300w, https:\/\/helvilux.lu\/wp-content\/uploads\/2025\/12\/female-specialists-are-deliberately-included-in-leadership-roles-and-housework-is-divided-equally-between-genders-150x90.png 150w\" sizes=\"auto, (max-width: 300px) 100vw, 300px\" \/><\/figure>\n<\/div>\n\n\n<p>Jenni f\u00fcgte hinzu: &#8220;In unserem Haus f\u00fcr Bildung und Migration in Matran, Fribourg, bieten wir den Bewohnern w\u00e4hrend ihres sechsmonatigen Aufenthalts verschiedene Module an. Diese Module legen bewusst einen starken Fokus auf Geschlechtergleichstellung. Im Kanton Schwyz werden verpflichtende Kurse im Rahmen der internen Schulung angeboten, die sich mit der Geschlechtergleichstellung (M\u00e4nner und Frauen, Religionsfreiheit usw.) und respektvollem Umgang befassen. Die Lehrpersonen vergleichen au\u00dferdem unterschiedliche Verhaltensweisen der Studierenden aus ihren Herkunftsl\u00e4ndern mit denen in der Schweiz. Zudem f\u00fchren kantonale Sexualtherapeuten regelm\u00e4\u00dfig Schulungstage durch, bei denen sie die Rollen von M\u00e4nnern und Frauen in der Schweizer Gesellschaft thematisieren. Im Rahmen des Z\u00fcrcher Mandats muss jeder Asylsuchende den Kurs \u201eswissinfo\u201c besuchen, der von der Z\u00fcrcher Asylorganisation (AOZ) angeboten wird. Dieser Kurs vermittelt den Teilnehmern eine Verhaltensregel f\u00fcr die Schweiz, die auch die Themen Geschlechtergleichstellung und Gewalt gegen Frauen umfasst. Der Kurs wird in der Sprache des Asylsuchenden durchgef\u00fchrt, um sicherzustellen, dass die Inhalte verstanden werden. Andererseits wird dieses Wissen auch im Alltag durch die begleitenden Fachkr\u00e4fte und verschiedene andere Angebote innerhalb der jeweiligen Mandate weitergegeben. So werden beispielsweise bewusst weibliche Fachkr\u00e4fte in F\u00fchrungspositionen eingebunden und die Hausarbeit gleichm\u00e4\u00dfig zwischen den Geschlechtern aufgeteilt.&#8221;<\/p>\n\n\n\n<h2 class=\"wp-block-heading\"><strong><strong>Luxemburg muss Ma\u00dfnahmen zum Schutz von Frauen und Kindern verst\u00e4rken<\/strong><\/strong><\/h2>\n\n\n\n<figure class=\"wp-block-image size-large\"><a href=\"https:\/\/helvilux.lu\/wp-content\/uploads\/2025\/12\/luxembourgish-women-safety-helvilux.png\"><img loading=\"lazy\" decoding=\"async\" width=\"1024\" height=\"338\" src=\"https:\/\/helvilux.lu\/wp-content\/uploads\/2025\/12\/luxembourgish-women-safety-helvilux-1024x338.png\" alt=\"The Helvilux investigative team also believes that Luxembourg\u2019s authorities are performing better than many other European countries in protecting minors. A 2024 survey by\u00a0NGO KidsRights\u00a0ranked Luxembourg highest in the world for protecting children.\u00a0Significant efforts have already been made in this area. Ministers Claude Meisch (National Education, Children and Youth), Lydia Mutsch (Health) and F\u00e9lix Braz (Former Minister of Justice), in coordination with other authorities, produced a booklet titled \u201cAbuse of Minors\u201d (ISBN: 978-99959-1-240-6), published in 2018 by the Ministry of National Education, Children and Youth under the Interministerial Coordination of the Rights of the Child. This publication represents a strong effort to educate organizations and the general public on child protection.\" class=\"wp-image-1083\" srcset=\"https:\/\/helvilux.lu\/wp-content\/uploads\/2025\/12\/luxembourgish-women-safety-helvilux-1024x338.png 1024w, https:\/\/helvilux.lu\/wp-content\/uploads\/2025\/12\/luxembourgish-women-safety-helvilux-300x99.png 300w, https:\/\/helvilux.lu\/wp-content\/uploads\/2025\/12\/luxembourgish-women-safety-helvilux-768x254.png 768w, https:\/\/helvilux.lu\/wp-content\/uploads\/2025\/12\/luxembourgish-women-safety-helvilux-1271x420.png 1271w, https:\/\/helvilux.lu\/wp-content\/uploads\/2025\/12\/luxembourgish-women-safety-helvilux-150x50.png 150w, https:\/\/helvilux.lu\/wp-content\/uploads\/2025\/12\/luxembourgish-women-safety-helvilux-696x230.png 696w, https:\/\/helvilux.lu\/wp-content\/uploads\/2025\/12\/luxembourgish-women-safety-helvilux-1068x353.png 1068w, https:\/\/helvilux.lu\/wp-content\/uploads\/2025\/12\/luxembourgish-women-safety-helvilux.png 1280w\" sizes=\"auto, (max-width: 1024px) 100vw, 1024px\" \/><\/a><figcaption class=\"wp-element-caption\">Hintergrundfoto: \u00a9 Grand Ducal Polizei. Aktuelle Berichte heben F\u00e4lle von Misshandlungen von Frauen in Luxemburg hervor. Siehe Links 1, 2 und 3.<\/figcaption><\/figure>\n\n\n\n<p>Das investigative Team von Helvilux ist zudem der Ansicht, dass die luxemburgischen Beh\u00f6rden im Schutz von Minderj\u00e4hrigen besser abschneiden als viele andere europ\u00e4ische L\u00e4nder. Eine Umfrage der <a href=\"https:\/\/www.kidsrights.org\/\">NGO KidsRights<\/a> aus dem Jahr 2024 bewertete Luxemburg weltweit am h\u00f6chsten im Bereich Kinderschutz. In diesem Bereich wurden bereits erhebliche Anstrengungen unternommen.<\/p>\n\n\n<div class=\"wp-block-image\">\n<figure class=\"alignleft size-full is-resized\"><img loading=\"lazy\" decoding=\"async\" width=\"300\" height=\"180\" src=\"https:\/\/helvilux.lu\/wp-content\/uploads\/2025\/12\/former-Justice-Minister-Sam-Tanson-dei-Greng.png\" alt=\"former Justice Minister Sam Tanson (d\u00e9i Gr\u00e9ng) stated, \u201cSexual abuse of children will now be punished more severely.\u201d\" class=\"wp-image-1085\" style=\"width:220px;height:auto\" srcset=\"https:\/\/helvilux.lu\/wp-content\/uploads\/2025\/12\/former-Justice-Minister-Sam-Tanson-dei-Greng.png 300w, https:\/\/helvilux.lu\/wp-content\/uploads\/2025\/12\/former-Justice-Minister-Sam-Tanson-dei-Greng-150x90.png 150w\" sizes=\"auto, (max-width: 300px) 100vw, 300px\" \/><\/figure>\n<\/div>\n\n\n<p>Im Jahr 2022 wurde eine wichtige Gesetzes\u00e4nderung vorgenommen: Handlungen, die zuvor als &#8220;unsittliche Handlung&#8221; eingestuft wurden, gelten nun ebenfalls als &#8220;sexuelle \u00dcbergriffe&#8221; oder &#8220;Angriff auf die sexuelle Integrit\u00e4t&#8221;. Damals erkl\u00e4rte die ehemalige Justizministerin <a href=\"https:\/\/www.chd.lu\/fr\/deputy\/813\">Sam Tanson<\/a> (<a href=\"https:\/\/greng.lu\/fr\/bienvenue\/\">d\u00e9i Gr\u00e9ng<\/a>) gegen\u00fcber der Presse: &#8220;Sexueller Missbrauch von Kindern wird nun h\u00e4rter bestraft.&#8221;<\/p>\n\n\n<div class=\"wp-block-image\">\n<figure class=\"alignright size-full is-resized\"><a href=\"https:\/\/men.public.lu\/dam-assets\/catalogue-publications\/droits-de-lenfant\/informations-generales\/abuse-of-minors-en.pdf\"><img loading=\"lazy\" decoding=\"async\" width=\"150\" height=\"150\" src=\"https:\/\/helvilux.lu\/wp-content\/uploads\/2025\/12\/Abuse-of-Minors.gif\" alt=\" Claude Meisch (National Education, Children and Youth), Lydia Mutsch (Health), andF\u00e9lix Braz (former Minister of Justice), in coordination with other authorities, produced a booklet titled Abuse of Minors\" class=\"wp-image-1086\" style=\"width:106px;height:auto\"\/><\/a><\/figure>\n<\/div>\n\n\n<p>Die aktuellen Minister <a href=\"https:\/\/gouvernement.lu\/en\/gouvernement\/claude-meisch.html\">Claude Meisch<\/a> (Nationale Bildung, Kinder und Jugend), <a href=\"https:\/\/gouvernement.lu\/dam-assets\/fr\/ministres\/personnes\/mutsch_lydia\/CV\/CV-en\/Mutsch-EN.pdf\">Lydia Mutsch<\/a> (Gesundheit) und <a href=\"https:\/\/gouvernement.lu\/dam-assets\/fr\/ministres\/personnes\/braz-felix\/CV\/CV-en\/Braz-EN.pdf\">F\u00e9lix Braz<\/a> (ehemaliger Justizminister) erarbeiteten in Abstimmung mit anderen Beh\u00f6rden das 2018 vom <a href=\"https:\/\/menej.gouvernement.lu\/en.html\">Ministerium f\u00fcr Nationale Bildung, Kinder und Jugend<\/a> unter der interministeriellen Koordination der Kinderrechte ver\u00f6ffentlichte Heft <a href=\"https:\/\/men.public.lu\/dam-assets\/catalogue-publications\/droits-de-lenfant\/informations-generales\/abuse-of-minors-en.pdf\">&#8220;Missbrauch von Minderj\u00e4hrigen\u201c<\/a> (ISBN: 978-99959-1-240-6). Diese Ver\u00f6ffentlichung stellt einen bedeutenden Schritt dar, um Organisationen und die \u00d6ffentlichkeit \u00fcber Kinderschutz aufzukl\u00e4ren.<\/p>\n\n\n<div class=\"wp-block-image\">\n<figure class=\"alignleft size-large is-resized\"><img loading=\"lazy\" decoding=\"async\" width=\"1024\" height=\"412\" src=\"https:\/\/helvilux.lu\/wp-content\/uploads\/2025\/12\/98B84FF2-B1AE-424A-96FA-4ADE4BD36AFD-1024x412.png\" alt=\"one national office and fourteen regional offices, as well as an online Parents\u2019 Forum (Eltereforum) \" class=\"wp-image-1087\" style=\"aspect-ratio:2.4826172057041664;width:239px;height:auto\" srcset=\"https:\/\/helvilux.lu\/wp-content\/uploads\/2025\/12\/98B84FF2-B1AE-424A-96FA-4ADE4BD36AFD-1024x412.png 1024w, https:\/\/helvilux.lu\/wp-content\/uploads\/2025\/12\/98B84FF2-B1AE-424A-96FA-4ADE4BD36AFD-300x121.png 300w, https:\/\/helvilux.lu\/wp-content\/uploads\/2025\/12\/98B84FF2-B1AE-424A-96FA-4ADE4BD36AFD-768x309.png 768w, https:\/\/helvilux.lu\/wp-content\/uploads\/2025\/12\/98B84FF2-B1AE-424A-96FA-4ADE4BD36AFD-1043x420.png 1043w, https:\/\/helvilux.lu\/wp-content\/uploads\/2025\/12\/98B84FF2-B1AE-424A-96FA-4ADE4BD36AFD-150x60.png 150w, https:\/\/helvilux.lu\/wp-content\/uploads\/2025\/12\/98B84FF2-B1AE-424A-96FA-4ADE4BD36AFD-696x280.png 696w, https:\/\/helvilux.lu\/wp-content\/uploads\/2025\/12\/98B84FF2-B1AE-424A-96FA-4ADE4BD36AFD-1068x430.png 1068w, https:\/\/helvilux.lu\/wp-content\/uploads\/2025\/12\/98B84FF2-B1AE-424A-96FA-4ADE4BD36AFD.png 1492w\" sizes=\"auto, (max-width: 1024px) 100vw, 1024px\" \/><figcaption class=\"wp-element-caption\"><a href=\"https:\/\/www.officenationalenfance.lu\/en\/\">Office nationald e l&#8217;enfance &#8211; all Kand zielt<\/a><\/figcaption><\/figure>\n<\/div>\n\n\n<p>Luxemburg unterh\u00e4lt zudem <a href=\"https:\/\/www.officenationalenfance.lu\/en\/\">ein nationales B\u00fcro und vierzehn regionale B\u00fcros <\/a>sowie ein <a href=\"https:\/\/eltereforum.lu\/en\/\">Online-Elternforum (Eltereforum)<\/a>, in dem Eltern und Betreuer Informationen austauschen und sich gegenseitig unterst\u00fctzen k\u00f6nnen. Das <a href=\"https:\/\/kannerduerf.lu\/en\/who-we-are\/protecting-childrens-rights\">SOS-Kannerduerf (Children\u2019s Village Luxembourg)<\/a> bietet Kindern Orientierung und Schutz, organisiert station\u00e4re Betreuungsm\u00f6glichkeiten, in denen Kinder vor\u00fcbergehend oder langfristig in stabilen und sicheren Umgebungen leben k\u00f6nnen, und bietet landesweit Beratungsangebote f\u00fcr Kinder, Familien und Pflegefamilien. <a href=\"https:\/\/www.okaju.lu\/en\/\">OKaJu<\/a>, der Ombudsmann f\u00fcr Kinder und Jugendliche in Luxemburg, setzt sich f\u00fcr die Gleichberechtigung aller Kinder und Jugendlichen ein. Ihre Angebote stehen allen offen, die Zeuge eines Rechtsversto\u00dfes geworden sind oder selbst betroffen waren. Das <a href=\"https:\/\/www.croix-rouge.lu\/en\/we-help\/young-people-and-families\/\">Croix-Rouge Luxembourg<\/a> unterst\u00fctzt Kinder und Jugendliche auf vielf\u00e4ltige Weise, unter anderem durch soziale Hilfen, polizeiliche Intervention, medizinische Betreuung und rechtliche Informationen. F\u00fcr Kinder von stark konfliktbelasteten Eltern, etwa bei Scheidungen oder langanhaltenden Auseinandersetzungen, k\u00f6nnen emotionale Probleme besonders belastend sein.<\/p>\n\n\n\n<p>Dar\u00fcber hinaus startete die <a href=\"https:\/\/police.public.lu\/fr.html\">Grand Ducal Polizei<\/a> die Kampagne &#8220;<a href=\"https:\/\/police.public.lu\/en\/aide-aux-victimes\/liste-organisation\/enfants-jeunes.html\">Aktioun Bobby<\/a>\u201c, die Kindern, die Opfer k\u00f6rperlicher, psychischer oder sexueller Gewalt geworden sind, telefonische Hilfe anbietet (Telefon: +352 123 21). Der luxemburgische Innenminister L\u00e9on Gloden hat zudem versucht, die Regeln f\u00fcr die Familienzusammenf\u00fchrung von Gefl\u00fcchteten zu versch\u00e4rfen. Seiner Aussage zufolge sollen damit diejenigen, die ihre Familien nach Luxemburg bringen wollen, in die luxemburgische Gesellschaft integriert werden, w\u00e4hrend diejenigen, die dies nicht tun, dazu beitragen sollen, die Zahl der Asylsuchenden im Land zu reduzieren. (<a href=\"https:\/\/www.luxtimes.lu\/luxembourg\/new-law-limits-refugee-sponsorship-to-those-with-jobs-and-private-housing\/83386410.html\">Klicken Sie hier, um den Bericht zu lesen.<\/a>)<\/p>\n\n\n\n<p>Obwohl Luxemburg insgesamt gute Kapazit\u00e4ten hat, besteht noch Verbesserungsbedarf: Im <a href=\"https:\/\/www.humanium.org\/en\/rcri-world-ranking-by-countries\/\">Realization of Children\u2019s Rights Index (RCRI)<\/a> liegt Luxemburg weltweit auf Platz 47 (<a href=\"https:\/\/www.humanium.org\/en\/rcri-world-ranking-by-countries\/\">hier klicken, um den Bericht zu lesen<\/a>). Helvilux hat einen besonders verwundbaren Bereich identifiziert, der bisher nicht adressiert wurde.<\/p>\n\n\n\n<p>Asylbewerbern, die internationalen Schutz in Luxemburg beantragen, werden keine verpflichtenden Anweisungen oder Workshops gegeben, wie sie sich gegen\u00fcber Frauen und Minderj\u00e4hrigen verhalten sollen, noch werden sie \u00fcber die rechtlichen Konsequenzen sexuellen Missbrauchs oder \u00dcbergriffs nach luxemburgischem Recht informiert.<\/p>\n\n\n\n<p>Im vergangenen Jahr kamen <strong>2018<\/strong> Asylbewerber nach Luxemburg und stellten Antr\u00e4ge auf internationalen Schutz. Im Jahr 2023 wurden <strong>2446<\/strong> Antr\u00e4ge registriert. In diesem Jahr kommen monatlich etwa <strong>180 bis 200<\/strong> Antragsteller, die Schutz und ein besseres Leben in Luxemburg suchen. Die meisten von ihnen stammen aus v\u00f6llig anderen kulturellen Hintergr\u00fcnden.<\/p>\n\n\n<div class=\"wp-block-image\">\n<figure class=\"alignleft size-full\"><img loading=\"lazy\" decoding=\"async\" width=\"101\" height=\"170\" src=\"https:\/\/helvilux.lu\/wp-content\/uploads\/2025\/12\/image-42.png\" alt=\"\" class=\"wp-image-1096\"\/><figcaption class=\"wp-element-caption\">Ein Aushang in einer Asylunterkunft in Luxemburg erinnert die Bewohner daran, dass Duschbereiche nicht als Toiletten genutzt werden d\u00fcrfen.<\/figcaption><\/figure>\n<\/div>\n\n\n<p>Diese L\u00fccke ist erheblich. Bemerkenswert ist, dass in den luxemburgischen Asylunterk\u00fcnften, in denen Asylbewerber die ersten Unterkunftsinstruktionen erhalten, bereits Hinweise in den Duschbereichen angebracht sind, etwa dass Duschr\u00e4ume nicht als Toiletten genutzt werden d\u00fcrfen. Wenn solch grundlegende Verhaltensanweisungen als notwendig erachtet werden, ist es umso wichtiger, dass m\u00e4nnliche Asylbewerber von Anfang an klare, verpflichtende Anweisungen zum respektvollen Verhalten gegen\u00fcber Frauen erhalten und \u00fcber die ernsthaften rechtlichen Konsequenzen von Verst\u00f6\u00dfen aufgekl\u00e4rt werden.<\/p>\n\n\n<div class=\"wp-block-image\">\n<figure class=\"alignright size-full is-resized\"><img loading=\"lazy\" decoding=\"async\" width=\"372\" height=\"165\" src=\"https:\/\/helvilux.lu\/wp-content\/uploads\/2025\/12\/image-39.png\" alt=\"\" class=\"wp-image-1081\" style=\"width:166px;height:auto\" srcset=\"https:\/\/helvilux.lu\/wp-content\/uploads\/2025\/12\/image-39.png 372w, https:\/\/helvilux.lu\/wp-content\/uploads\/2025\/12\/image-39-300x133.png 300w, https:\/\/helvilux.lu\/wp-content\/uploads\/2025\/12\/image-39-150x67.png 150w\" sizes=\"auto, (max-width: 372px) 100vw, 372px\" \/><figcaption class=\"wp-element-caption\"><strong>\u00a9<\/strong> <a href=\"https:\/\/ona.gouvernement.lu\/fr.html\" data-type=\"link\" data-id=\"https:\/\/ona.gouvernement.lu\/fr.html\">ONA, Luxembourg<\/a><\/figcaption><\/figure>\n<\/div>\n\n\n<p>Daher hat Helvilux das <a href=\"https:\/\/ona.gouvernement.lu\/fr.html\">ONA<\/a> (Office national de l&#8217;accueil) und andere europ\u00e4ische L\u00e4nder dazu aufgefordert, solche pr\u00e4ventiven Ma\u00dfnahmen umzusetzen, denn Vorbeugung ist immer besser als Heilung. Lokale Frauen und ihre Kinder setzen ihr Vertrauen in die Regierung, um ihre Sicherheit zu gew\u00e4hrleisten. Wenn illegale Migranten oder Antragsteller auf internationalen Schutz sexuelle Gewalt begehen, wird dieses Vertrauen untergraben, die \u00f6ffentliche Emp\u00f6rung gegen\u00fcber den Beh\u00f6rden steigt und Ressentiments gegen\u00fcber Asylsuchenden und Migranten k\u00f6nnen wachsen, was potenziell zu langfristigen sozialen und politischen Folgen f\u00fchren kann.<\/p>\n\n\n<div class=\"wp-block-image\">\n<figure class=\"alignright size-full is-resized\"><img loading=\"lazy\" decoding=\"async\" width=\"300\" height=\"180\" src=\"https:\/\/helvilux.lu\/wp-content\/uploads\/2025\/12\/therefore-99-rape-go-unpunished.png\" alt=\"\" class=\"wp-image-1100\" style=\"width:181px;height:auto\" srcset=\"https:\/\/helvilux.lu\/wp-content\/uploads\/2025\/12\/therefore-99-rape-go-unpunished.png 300w, https:\/\/helvilux.lu\/wp-content\/uploads\/2025\/12\/therefore-99-rape-go-unpunished-150x90.png 150w\" sizes=\"auto, (max-width: 300px) 100vw, 300px\" \/><\/figure>\n<\/div>\n\n\n<p>Laut der Vereinigung <a href=\"https:\/\/survivant-e-s.lu\/fr\/\">&#8220;D\u2019St\u00ebmm vun den Iwwerliewenden&#8221;<\/a> (&#8220;Stimme der \u00dcberlebenden&#8221;) ist die Gewalt gegen Frauen in Luxemburg, sei es physisch, sexuell oder psychologisch, besorgniserregend. Daten von 2020 zeigen, dass von den 81.000 Menschen im Gro\u00dfherzogtum fast jede\/r F\u00fcnfte mindestens einmal in diesem Jahr physische, sexuelle oder psychologische Gewalt erfahren hat. Die meisten Opfer von sexueller, sexistischer, physischer oder psychologischer Gewalt suchen laut dem Nationalen Institut f\u00fcr Statistik und Wirtschaftsforschung (STATEC) keine Hilfe. Im Jahr 2024 erkl\u00e4rte ein Mitglied der Vereinigung, Pinto, gegen\u00fcber dem Medienunternehmen RTL News (<a href=\"https:\/\/today.rtl.lu\/news\/luxembourg\/one-in-five-luxembourg-women-experiences-physical-sexual-or-psychological-violence-2240853\">Klicken Sie hier, um die Nachricht zu lesen<\/a>): <strong>&#8220;78 % der Opfer haben weder die Polizei, noch \u00c4rzte, Psychologen, Sozialarbeiter oder andere Fachkr\u00e4fte kontaktiert.&#8221;<\/strong><\/p>\n\n\n\n<p><a href=\"https:\/\/survivant-e-s.lu\/fr\/\">Marie-Laure Roland<\/a>, Vizepr\u00e4sidentin der Vereinigung, wies auf weitere Probleme im Rechtssystem bei F\u00e4llen sexueller Gewalt hin. Roland erkl\u00e4rte, dass nur jede zehnte Vergewaltigungsopferin Anzeige erstattet und von diesen nur jede zehnte zu einer Verurteilung f\u00fchrt. <strong>&#8220;Daher bleiben 99 % der Vergewaltigungen unbestraft&#8221;<\/strong>, so Roland.<\/p>\n\n\n\n<p>Laut einem Bericht, der 2022 von <a href=\"https:\/\/paperjam.lu\/\">Paperjam<\/a> ver\u00f6ffentlicht wurde, sind Frauen auch an ihrem Arbeitsplatz nicht ausreichend gesch\u00fctzt: 15 % der Frauen gaben an, psychische Gewalt erlitten zu haben, 7 % berichteten von physischer Gewalt am Arbeitsplatz. Im Jahr 2021 hatten in den letzten 12 Monaten insgesamt 42.215 Frauen mentale, k\u00f6rperliche, sexuelle oder wirtschaftliche Gewalt erfahren. (<a href=\"https:\/\/statistiques.public.lu\/fr\/publications\/series\/regards\/2022\/regards-05-22.html\">Klicken Sie hier, um den Statistikbericht zu lesen.<\/a>)<\/p>\n\n\n\n<h3 class=\"wp-block-heading\"><strong><strong>Grenzen \u00fcberschreiten, nicht Verhaltensnormen: Frauen in europ\u00e4ischen Asylcamps sehen sich Fehlverhalten ausgesetzt<\/strong><\/strong><\/h3>\n\n\n\n<p>Das Helvilux-Ermittlungsteam kontaktierte weibliche Asylsuchende und Fl\u00fcchtlinge sowie weibliche Mitarbeitende in verschiedenen Fl\u00fcchtlingscamps und Unterkunftszentren in Luxemburg und stellte fest, dass neu angekommene m\u00e4nnliche Migranten manchmal Missverst\u00e4ndnisse \u00fcber die westliche Gesellschaft haben und glauben, sie k\u00f6nnten handeln, ohne die lokalen Normen zu kennen.<\/p>\n\n\n<div class=\"wp-block-image\">\n<figure class=\"alignleft size-full is-resized\"><img loading=\"lazy\" decoding=\"async\" width=\"300\" height=\"180\" src=\"https:\/\/helvilux.lu\/wp-content\/uploads\/2025\/12\/Western-women-living-here-who-are-not-wearing-hijab-helvilux.png\" alt=\"\" class=\"wp-image-1089\" style=\"width:213px;height:auto\" srcset=\"https:\/\/helvilux.lu\/wp-content\/uploads\/2025\/12\/Western-women-living-here-who-are-not-wearing-hijab-helvilux.png 300w, https:\/\/helvilux.lu\/wp-content\/uploads\/2025\/12\/Western-women-living-here-who-are-not-wearing-hijab-helvilux-150x90.png 150w\" sizes=\"auto, (max-width: 300px) 100vw, 300px\" \/><\/figure>\n<\/div>\n\n\n<p>Eine syrische Fl\u00fcchtlingsfrau, die unter der Bedingung der Anonymit\u00e4t mit Helvilux sprach, erkl\u00e4rte: <strong>&#8220;Ich bin in Syrien geboren und mit meinen Kindern wegen des Krieges hierhergekommen. M\u00e4nner aus meinem eigenen Land verhalten sich mir gegen\u00fcber respektvoll, aber sie handeln oft sozial unangemessen gegen\u00fcber ukrainischen oder anderen westlichen Frauen, die hier leben und keinen Hijab tragen. Sie versuchen pl\u00f6tzlich, diese Frauen zu umarmen, und wenn die Frauen sich wehren, sagen sie: \u201aOh, du magst es nicht, sorry, sorry.\u2018 Manchmal ist ihr Verhalten aggressiv, sodass die Opfer in der Regel versuchen, es zu ignorieren und keine Beschwerden bei den Beh\u00f6rden einzureichen, in der Hoffnung, das Fehlverhalten zu vergessen.&#8221;<\/strong><\/p>\n\n\n<div class=\"wp-block-image\">\n<figure class=\"alignright size-full is-resized\"><img loading=\"lazy\" decoding=\"async\" width=\"300\" height=\"180\" src=\"https:\/\/helvilux.lu\/wp-content\/uploads\/2025\/12\/suddenly-kiss-it-hold-it-or-hug-us-unexpectedly.-It-is-frustrating-helvilux.png\" alt=\"\" class=\"wp-image-1090\" style=\"aspect-ratio:1.6667064866802055;width:197px;height:auto\" srcset=\"https:\/\/helvilux.lu\/wp-content\/uploads\/2025\/12\/suddenly-kiss-it-hold-it-or-hug-us-unexpectedly.-It-is-frustrating-helvilux.png 300w, https:\/\/helvilux.lu\/wp-content\/uploads\/2025\/12\/suddenly-kiss-it-hold-it-or-hug-us-unexpectedly.-It-is-frustrating-helvilux-150x90.png 150w\" sizes=\"auto, (max-width: 300px) 100vw, 300px\" \/><\/figure>\n<\/div>\n\n\n<p>Eine weibliche Sicherheitskraft aus einem Asylunterkunftszentrum in Luxemburg, die ebenfalls anonym sprach, berichtete Helvilux: <strong>&#8220;Dies ist ein wichtiges Thema. Wir haben unsere Schulung abgeschlossen, bevor wir in der Sicherheitsfirma t\u00e4tig wurden. Manchmal verhalten sich M\u00e4nner aus bestimmten L\u00e4ndern in Asylcamps unangemessen: Sie strecken die Hand zum H\u00e4ndesch\u00fctteln aus, k\u00fcssen sie dann pl\u00f6tzlich, halten sie fest oder umarmen uns unerwartet. Das ist frustrierend. Wir verstehen, dass sie aus anderen Kulturen kommen und m\u00f6glicherweise nicht wissen, wie man sich hier verh\u00e4lt, aber in der heutigen Zeit haben sie Zugang zu sozialen Medien und k\u00f6nnten sich \u00fcber angemessenes Verhalten informieren. Wer soziale Medien nutzen kann, um mehrere Grenzen zu \u00fcberqueren und nach Europa zu gelangen, um ein besseres Leben zu suchen, sollte auch lernen k\u00f6nnen, wie Frauen hier behandelt werden und wie man sie respektiert.&#8221;<\/strong><\/p>\n\n\n<div class=\"wp-block-image\">\n<figure class=\"alignleft size-full is-resized\"><img loading=\"lazy\" decoding=\"async\" width=\"300\" height=\"180\" src=\"https:\/\/helvilux.lu\/wp-content\/uploads\/2025\/12\/eritrien-song-on-bus-helvilux.png\" alt=\"\" class=\"wp-image-1091\" style=\"aspect-ratio:1.666816344858554;width:189px;height:auto\" srcset=\"https:\/\/helvilux.lu\/wp-content\/uploads\/2025\/12\/eritrien-song-on-bus-helvilux.png 300w, https:\/\/helvilux.lu\/wp-content\/uploads\/2025\/12\/eritrien-song-on-bus-helvilux-150x90.png 150w\" sizes=\"auto, (max-width: 300px) 100vw, 300px\" \/><\/figure>\n<\/div>\n\n\n<p>Ein pensionierter Luxemburger aus dem S\u00fcden, der mit Helvilux sprach, sagte: <strong><mark style=\"background-color:rgba(0, 0, 0, 0)\" class=\"has-inline-color has-vivid-red-color\">&#8220;W\u00e4hrend der Busfahrt von unserem Dorf zum Bahnhof kommt es h\u00e4ufig vor, dass einige asylsuchende Jugendliche eritreische Musik sehr laut auf ihren Handys abspielen. Wir f\u00fchlen uns gest\u00f6rt und m\u00f6chten ihnen sagen, sie sollen die Lautst\u00e4rke verringern, tun es aber nicht und ignorieren es stattdessen. Ich hoffe nur, dass diese Ignoranz eines Tages kein Problem wird.&#8221;<\/mark><\/strong><\/p>\n\n\n\n<h3 class=\"wp-block-heading\"><strong><strong>Gemischtgeschlechtliche Zelte in luxemburgischen Asylzentren sorgen f\u00fcr Sicherheitsbedenken<\/strong><\/strong><\/h3>\n\n\n<div class=\"wp-block-image\">\n<figure class=\"alignleft size-full is-resized\"><a href=\"https:\/\/helvilux.lu\/wp-content\/uploads\/2025\/12\/private-bus-for-asylumseeker-luxembourg.jpg\"><img loading=\"lazy\" decoding=\"async\" width=\"300\" height=\"180\" src=\"https:\/\/helvilux.lu\/wp-content\/uploads\/2025\/12\/private-bus-for-asylumseeker-luxembourg.jpg\" alt=\"\" class=\"wp-image-1092\" style=\"aspect-ratio:1.6668072543230705;width:170px;height:auto\" srcset=\"https:\/\/helvilux.lu\/wp-content\/uploads\/2025\/12\/private-bus-for-asylumseeker-luxembourg.jpg 300w, https:\/\/helvilux.lu\/wp-content\/uploads\/2025\/12\/private-bus-for-asylumseeker-luxembourg-150x90.jpg 150w\" sizes=\"auto, (max-width: 300px) 100vw, 300px\" \/><\/a><figcaption class=\"wp-element-caption\">Kostenlose Busse, Z\u00fcge und Stra\u00dfenbahnen in ganz Luxemburg \u2013 dennoch wird ein privates Unternehmen beauftragt, Asylbewerber nur wenige Stationen zu transportieren. Offenbar f\u00fchlt sich die Investition in Transportvertr\u00e4ge sicherer an als die Investition in Bildung \u00fcber den respektvollen Umgang mit Frauen. \u00a9 <a href=\"https:\/\/helvilux.lu\" data-type=\"link\" data-id=\"https:\/\/helvilux.lu\">HELVILUX<\/a><\/figcaption><\/figure>\n<\/div>\n\n\n<p>Die Wohnverh\u00e4ltnisse in einigen luxemburgischen Asyleinrichtungen bergen weiterhin Risiken. Helvilux berichtete k\u00fcrzlich \u00fcber die schlechten Bedingungen im Asylzentrum Kirschberg, in dem M\u00e4nner und Frauen zusammen in denselben Zelten untergebracht sind. Diese Unterbringung wirft ernsthafte Sicherheitsfragen f\u00fcr weibliche Asylbewerberinnen in Luxemburg auf. <strong><a href=\"https:\/\/helvilux.lu\/index.php\/2025\/11\/22\/why-luxembourgs-asylum-seekers-get-endless-harissa-but-not-basic-dignity\/\">Klicken Sie hier, um die Nachricht zu lesen<\/a><\/strong><\/p>\n\n\n\n<p>Laut einem <strong><a href=\"https:\/\/www.euaa.europa.eu\/sites\/default\/files\/publications\/2023-07\/AR2023_factsheet16_women_girls_in_asylum_EN.pdf\">Fact Sheet der EU-Asylagentur<\/a><\/strong> wurden 2022 in den EU+-L\u00e4ndern nur 29\u202f% der Asylantr\u00e4ge von Frauen und M\u00e4dchen gestellt.<\/p>\n\n\n\n<h2 class=\"wp-block-heading\"><strong><strong>Sicherheitsl\u00fccken in deutschen Asylcamps<\/strong><\/strong><\/h2>\n\n\n\n<p>Ein Asylsuchender aus Kuba, der im Camp Friedrich-List-Stra\u00dfe 3 in Halberstadt, Sachsen-Anhalt, untergebracht ist, berichtete dem Helvilux-Ermittlungsteam: <strong>&#8220;Wir sind aus unserem Land geflohen, um Misshandlungen aufgrund von Krisen und politischen Problemen zu entkommen. Hier m\u00fcssen wir uns nicht nur vor m\u00e4nnlichen Asylsuchenden aus bestimmten L\u00e4ndern sch\u00fctzen, die sich nach ihren kulturellen Normen verhalten k\u00f6nnten, sondern auch vor Sozialarbeitern oder Sicherheitskr\u00e4ften im Asylbereich. Wenn wir Vorf\u00e4lle melden, wird manchmal die \u201aRassenkarte\u2018 gespielt, und der Mitarbeitende, der uns misshandelt hat, arbeitet weiterhin in derselben Einrichtung, in der wir leben. In den meisten F\u00e4llen werden Beschwerden vom Camp-Leiter oder der Leitung ignoriert.&#8221;<\/strong><\/p>\n\n\n\n<p>Die Hauptgr\u00fcnde, warum Menschen aus Kuba Asyl beantragen, sind schwere wirtschaftliche Notlagen, schwierige humanit\u00e4re Bedingungen und politische Repression.<\/p>\n\n\n\n<p>Das Helvilux-Ermittlungsteam sprach zudem mit mehreren Asylsuchenden im Patrick Henry Village in Heidelberg. Laut diesen Berichten \u00e4u\u00dferten einige Asylsuchende Bedenken hinsichtlich des Verhaltens bestimmter Sicherheitskr\u00e4fte und Sozialarbeiter gegen\u00fcber Frauen aus ihren eigenen L\u00e4ndern. Ein weiteres Problem sei, dass formelle Beschwerden trotz der Anwesenheit einer Polizeistation im Camp selten eingereicht werden. Einige Asylsuchende gaben an, dass Vorf\u00e4lle manchmal nicht offiziell verfolgt werden, weil sowohl das mutma\u00dfliche Opfer als auch der beschuldigte Mitarbeitende weiterhin aufeinandertreffen. Betroffene warten stattdessen h\u00e4ufig auf eine Verlegung in eine dauerhafte Unterkunft.<\/p>\n\n\n\n<p>Ein Mitglied des Helvilux-Ermittlungsteams bemerkte, dass die Atmosph\u00e4re innerhalb des Camps sich von der umgebenden deutschen Gesellschaft unterscheidet. Beobachtet wurde, dass lokale deutsche Mitarbeitende haupts\u00e4chlich administrative Aufgaben wie EURODAC-Verifizierung, Fingerabdr\u00fccke oder die Ausstellung von Identit\u00e4tskarten \u00fcbernehmen, w\u00e4hrend vergleichsweise wenige lokale Deutsche in der t\u00e4glichen Sozialarbeit oder Sicherheitsfunktionen t\u00e4tig zu sein scheinen.<\/p>\n\n\n\n<h2 class=\"wp-block-heading\"><strong><strong>Sexuelle \u00dcbergriffe und Sicherheitsbedenken auf Schweizer Boden<\/strong><\/strong><\/h2>\n\n\n\n<p>Das Helvilux-Ermittlungsteam stellt fest, dass die Schweiz insgesamt weiterhin deutlich besser abschneidet als alle anderen europ\u00e4ischen L\u00e4nder bei der Verwaltung ihres Asylsystems. Das schweizerische Sexualstrafrecht wurde am 1. Juli 2024 reformiert, nach der Annahme durch das Parlament im Juni 2023. Eingef\u00fchrt wurde das Prinzip <strong>&#8220;Nein hei\u00dft Nein&#8221;<\/strong>, die Definition der Vergewaltigung wurde ausgeweitet, sodass jede nicht einvernehmliche Penetration darunter f\u00e4llt, und es wird ein fehlendes Einverst\u00e4ndnis auch ohne verbale Ablehnung oder k\u00f6rperlichen Widerstand anerkannt.<\/p>\n\n\n\n<p>Dar\u00fcber hinaus f\u00fchrte die Schweiz im Asylbereich laut AIDA-Bericht im Februar 2024 ein 24-Stunden-Fast-Track-Asylverfahren f\u00fcr Staatsangeh\u00f6rige bestimmter nordwestafrikanischer L\u00e4nder ein. Seit April 2025 werden Abschiebungen nach Afghanistan in spezifischen F\u00e4llen f\u00fcr gesunde, alleinstehende erwachsene M\u00e4nner mit starken lokalen Bindungen als m\u00f6glich erachtet, w\u00e4hrend gef\u00e4hrdete Gruppen weiterhin ausgeschlossen bleiben. Im Jahr 2024 wurden Abschiebungen nach Afghanistan erstmals seit 2019 wieder aufgenommen, allerdings zun\u00e4chst nur f\u00fcr straff\u00e4llige Personen. Am 10. September 2025 \u00e4u\u00dferte die Schweiz im Rahmen des 60. Sitzung des UN-Menschenrechtsrats in Genf Bedenken zum Schutz von Minderheiten in Indien.<\/p>\n\n\n\n<p>Im November erkl\u00e4rte <strong><a href=\"https:\/\/www.news.admin.ch\/en\/nsb?id=103231\">Eva Wildi-Cort\u00e9s<\/a><\/strong>, Leiterin der Swiss Fedpoll, gegen\u00fcber dem Schweizer Fernsehen SRF, dass die t\u00fcrkische Mafia &#8220;im Aufstieg&#8221; sei. <strong><a href=\"https:\/\/www.swissinfo.ch\/eng\/swiss-politics\/swiss-police-warn-of-rising-violence-as-turkish-mafia-expands\/90465786\">Klicken Sie hier, um die Nachricht zu lesen<\/a><\/strong> Zudem entschied das Schweizerische Bundesverwaltungsgericht, dass Abschiebungen in erdbebengef\u00e4hrdete oder zuvor ausgeschlossene Regionen der T\u00fcrkei nicht grunds\u00e4tzlich unzumutbar sind, jedoch im Einzelfall gepr\u00fcft werden m\u00fcssen. Politische Vorw\u00fcrfe allein rechtfertigen nicht automatisch die Gew\u00e4hrung von Asyl. Im vergangenen Jahr vereinbarten die Schweiz und der Irak eine engere Zusammenarbeit bei R\u00fcckf\u00fchrungen und der Reintegration von nicht erfolgreichen Asylbewerbern.<\/p>\n\n\n\n<p>K\u00fcrzlich genehmigte das Schweizer Parlament zwei Antr\u00e4ge der Liberaldemokraten (PLR\/FDP), die auf eine Versch\u00e4rfung des Schweizer Asylregimes abzielen, wie von RTS und <a href=\"https:\/\/lenews.ch\/2025\/12\/11\/switzerland-moves-to-tighten-asylum-policy\">LeNews<\/a> berichtet. Ein Vorschlag sieht vor, dass Asylverfahren von verurteilten Antragstellern auch w\u00e4hrend ihrer Haftzeit weiterbearbeitet werden k\u00f6nnen.<\/p>\n\n\n\n<figure class=\"wp-block-image size-large\"><img loading=\"lazy\" decoding=\"async\" width=\"1024\" height=\"178\" src=\"https:\/\/helvilux.lu\/wp-content\/uploads\/2025\/12\/ILULU-Program-Tanzania-Helvilux-Article-7-1024x178.png\" alt=\" According to Christian Wasserfallen, &quot;the Liberal Democrat who introduced the motion, such cases should ideally be resolved within ten days, providing applicants with clarity about their legal status upon release.&quot;--------------------\" class=\"wp-image-1050\" srcset=\"https:\/\/helvilux.lu\/wp-content\/uploads\/2025\/12\/ILULU-Program-Tanzania-Helvilux-Article-7-1024x178.png 1024w, https:\/\/helvilux.lu\/wp-content\/uploads\/2025\/12\/ILULU-Program-Tanzania-Helvilux-Article-7-300x52.png 300w, https:\/\/helvilux.lu\/wp-content\/uploads\/2025\/12\/ILULU-Program-Tanzania-Helvilux-Article-7-768x134.png 768w, https:\/\/helvilux.lu\/wp-content\/uploads\/2025\/12\/ILULU-Program-Tanzania-Helvilux-Article-7-150x26.png 150w, https:\/\/helvilux.lu\/wp-content\/uploads\/2025\/12\/ILULU-Program-Tanzania-Helvilux-Article-7-696x121.png 696w, https:\/\/helvilux.lu\/wp-content\/uploads\/2025\/12\/ILULU-Program-Tanzania-Helvilux-Article-7-1068x186.png 1068w, https:\/\/helvilux.lu\/wp-content\/uploads\/2025\/12\/ILULU-Program-Tanzania-Helvilux-Article-7.png 1280w\" sizes=\"auto, (max-width: 1024px) 100vw, 1024px\" \/><\/figure>\n\n\n\n<p>Trotz dieser Ma\u00dfnahmen sind weitere Verbesserungen in besonders vulnerablen Bereichen notwendig, die Herausforderungen f\u00fcr die lokale Bev\u00f6lkerung darstellen k\u00f6nnten. Ein Thema, das Helvilux k\u00fcrzlich angesprochen hat, ist das Fehlen verpflichtender Workshops oder Anweisungen f\u00fcr m\u00e4nnliche Asylsuchende bei ihrer Ankunft. Helvilux schl\u00e4gt vor, dass jeder m\u00e4nnliche Asylsuchende bereits am ersten Tag klare Orientierung zu akzeptablem Verhalten und rechtlichen Pflichten gegen\u00fcber Frauen in der Schweiz erhalten sollte.<\/p>\n\n\n<div class=\"wp-block-image\">\n<figure class=\"alignright size-full is-resized\"><a href=\"https:\/\/helvilux.lu\/wp-content\/uploads\/2025\/12\/image-40.png\"><img loading=\"lazy\" decoding=\"async\" width=\"688\" height=\"459\" src=\"https:\/\/helvilux.lu\/wp-content\/uploads\/2025\/12\/image-40.png\" alt=\"\" class=\"wp-image-1094\" style=\"width:244px;height:auto\" srcset=\"https:\/\/helvilux.lu\/wp-content\/uploads\/2025\/12\/image-40.png 688w, https:\/\/helvilux.lu\/wp-content\/uploads\/2025\/12\/image-40-300x200.png 300w, https:\/\/helvilux.lu\/wp-content\/uploads\/2025\/12\/image-40-630x420.png 630w, https:\/\/helvilux.lu\/wp-content\/uploads\/2025\/12\/image-40-150x100.png 150w\" sizes=\"auto, (max-width: 688px) 100vw, 688px\" \/><\/a><figcaption class=\"wp-element-caption\">Im Laufe des Jahres 2024 entwickelten das ISDH-Komitee und sein Direktor zusammen mit einem Experten f\u00fcr Organisationsentwicklung die Strategie der Institution. Sie definierten ihre Kernaufgabe, Priorit\u00e4ten und Ziele. Die Strategie wurde im M\u00e4rz 2025 offiziell genehmigt und dient dem Komitee und dem Sekretariat bis 2035 als Leitfaden. \u00a9 <a href=\"https:\/\/www.isdh.ch\/en\/shri\/who-we-are\/strategy\">ISDH<\/a><\/figcaption><\/figure>\n<\/div>\n\n\n<p>Die Schweiz ist bekannt f\u00fcr ihre Neutralit\u00e4t, k\u00f6stlichen K\u00e4se und Schokolade, einzigartige Systeme sowie Innovationen im Technologie- und Gesundheitssektor und f\u00fcr einige der schnellsten Jets und Pr\u00e4zisionswaffen der Welt. Leider war das Land beim Frauenwahlrecht nicht so schnell und f\u00fchrte dieses erst 1971 ein, Jahrzehnte nach vielen Nachbarl\u00e4ndern. Ein Land, das lange als Hauptsitz humanit\u00e4rer und Hilfsorganisationen galt, hatte bis 2023 keine nationale Menschenrechtsinstitution. Nach jahrzehntelangem Einsatz von Menschenrechtsaktivisten bereitete das EDA 2003 einen Bericht im Auftrag des Parlaments \u00fcber die M\u00f6glichkeiten zur Schaffung einer nationalen Menschenrechtsinstitution vor. Das Schweizer Parlament \u00fcberarbeitete das Gesetz im Herbst 2022 entsprechend. Am 23. Mai 2023 wurde nach drei\u00dfig Jahren internationaler und mehr als zwanzig Jahre nationaler historischer Vorarbeit die <strong><a href=\"https:\/\/www.isdh.ch\/fr\">ISDH<\/a><\/strong> in Bern gegr\u00fcndet, in Anwesenheit von rund hundert Gr\u00fcndungsmitgliedern und Vertretern verschiedener Institutionen. Nun bleibt abzuwarten, wie lange es die Schweizer Regierung dauern wird, um entschlossene Ma\u00dfnahmen zum Schutz von Frauen und ihren Kindern auf Schweizer Boden zu ergreifen.<\/p>\n\n\n\n<p>Die Schweizer Medienplattform <a href=\"https:\/\/www.swissinfo.ch\/eng\/\">SwissInfo<\/a> berichtete am 1. Mai 2018, dass das Bundesamt f\u00fcr Statistik (BFS) im Jahr 2017 insgesamt 813 Straftaten in Schweizer Asyleinrichtungen registrierte, wobei die Zahl der Sexualdelikte 2018 um 60\u202f% anstieg. <strong><a href=\"https:\/\/www.swissinfo.ch\/eng\/society\/rising-sexual-abuse_more-than-800-crimes-committed-in-swiss-asylum-centres\/44087862\">Klicken Sie hier, um die Nachricht zu lesen<\/a><\/strong><\/p>\n\n\n<div class=\"wp-block-image\">\n<figure class=\"alignleft size-large is-resized\"><img loading=\"lazy\" decoding=\"async\" width=\"1024\" height=\"617\" src=\"https:\/\/helvilux.lu\/wp-content\/uploads\/2025\/12\/image-41-1024x617.png\" alt=\"\" class=\"wp-image-1095\" style=\"aspect-ratio:1.6583551238949072;width:307px;height:auto\" srcset=\"https:\/\/helvilux.lu\/wp-content\/uploads\/2025\/12\/image-41-1024x617.png 1024w, https:\/\/helvilux.lu\/wp-content\/uploads\/2025\/12\/image-41-300x181.png 300w, https:\/\/helvilux.lu\/wp-content\/uploads\/2025\/12\/image-41-768x463.png 768w, https:\/\/helvilux.lu\/wp-content\/uploads\/2025\/12\/image-41-696x420.png 696w, https:\/\/helvilux.lu\/wp-content\/uploads\/2025\/12\/image-41-150x90.png 150w, https:\/\/helvilux.lu\/wp-content\/uploads\/2025\/12\/image-41-1068x644.png 1068w, https:\/\/helvilux.lu\/wp-content\/uploads\/2025\/12\/image-41.png 1325w\" sizes=\"auto, (max-width: 1024px) 100vw, 1024px\" \/><figcaption class=\"wp-element-caption\"><strong>\u00a9<\/strong> Schweizerische Fl\u00fcchtlingshilfe<\/figcaption><\/figure>\n<\/div>\n\n\n<p>Ein Bericht der <a href=\"https:\/\/www.admin.ch\/gov\/en\/start.html\">Schweizerischen Bundesregierung<\/a> wies darauf hin, dass Fl\u00fcchtlingsfrauen in Asylzentren unter unzureichenden, nicht geschlechtersensiblen Unterbringungsbedingungen leiden und Ma\u00dfnahmen zur Gewaltpr\u00e4vention fehlen. Der Bericht forderte sofortige Verbesserungen sowie koordinierte Schutzma\u00dfnahmen. Am 16. Oktober 2019 ver\u00f6ffentlichte die <strong>Schweizerische Fl\u00fcchtlingshilfe (<a href=\"https:\/\/www.fluechtlingshilfe.ch\/\">SFH<\/a>)<\/strong> den Artikel <em><a href=\"https:\/\/www.fluechtlingshilfe.ch\/medienmitteilungen\/unterbringung-von-fluechtlingsfrauen-ist-zu-verbessern\">&#8220;Unterbringung von Fl\u00fcchtlingsfrauen ist zu verbessern&#8221;<\/a><\/em>, in dem die SEM aufgefordert wurde, diese M\u00e4ngel zu beheben, und Mindeststandards f\u00fcr die Unterbringung von Asylsuchenden eingef\u00fchrt wurden. <strong><mark style=\"background-color:rgba(0, 0, 0, 0)\" class=\"has-inline-color has-vivid-red-color\">Ob der Bundesbericht seitdem von der offiziellen Website entfernt wurde, ist unklar.<\/mark><\/strong> Am 15. Dezember 2025 forderte das investigative Team von Helvilux beim Bundesamt eine Kopie des Berichts an, um sicherzustellen, dass die Leserinnen und Leser sowie die Schweizer Bev\u00f6lkerung Zugang zu den Fakten haben, und betonte, dass die Wahrheit nicht so leicht gel\u00f6scht werden sollte.<\/p>\n\n\n\n<p>Nach der Ver\u00f6ffentlichung des Artikels am 16. Dezember 2025 Frau. Magdalena Rast die Mediensprecherin des Eidgen\u00f6ssischen Justiz- und Polizeidepartements (<a href=\"https:\/\/www.admin.ch\/gov\/en\/start\/departments\/department-justice-and-police-fdjp.html\" data-type=\"link\" data-id=\"https:\/\/www.admin.ch\/gov\/en\/start\/departments\/department-justice-and-police-fdjp.html\">EJPD<\/a>) stellte einen neuen Link zur Verf\u00fcgung, der die Informationen und den detaillierten Bericht des Bundesrates und der SEM vom 25. September 2019, den Bericht der SCHR sowie den Bericht \u00fcber die Umsetzung der Ma\u00dfnahmen vom 17. November 2021 enth\u00e4lt. <a href=\"https:\/\/www.news.admin.ch\/de\/nsb?id=76715\" data-type=\"link\" data-id=\"https:\/\/www.news.admin.ch\/de\/nsb?id=76715\">Hier klicken.<\/a><\/p>\n\n\n\n<p><strong><a href=\"https:\/\/www.coe.int\/en\/web\/anti-human-trafficking\/greta\" data-type=\"link\" data-id=\"https:\/\/www.coe.int\/en\/web\/anti-human-trafficking\/greta\">GRETA<\/a><\/strong> (Gruppe von Expertinnen und Experten zur Bek\u00e4mpfung des Menschenhandels) hat festgestellt, dass Schweizer Kantone Opfer, die im Asylsystem identifiziert werden, aufgrund finanzieller Einschr\u00e4nkungen oft nicht an spezialisierte Unterst\u00fctzungszentren f\u00fcr Opfer von Menschenhandel weiterleiten. Stattdessen werden sie weiterhin in regul\u00e4ren Asyleinrichtungen untergebracht. Dieses Problem wurde auch in den Berichten des <strong>U.S. Department of State<\/strong> f\u00fcr die Jahre 2023 (<a href=\"https:\/\/fln.dk\/media\/mscidcce\/schw10.pdf\" data-type=\"link\" data-id=\"https:\/\/fln.dk\/media\/mscidcce\/schw10.pdf\">Hier klicken, um den Bericht zu lesen<\/a>), 2024 (<a href=\"https:\/\/www.state.gov\/reports\/2024-trafficking-in-persons-report\/switzerland\/\">Hier klicken, um den Bericht zu lesen<\/a>) und 2025 (<a href=\"https:\/\/www.state.gov\/reports\/2025-trafficking-in-persons-report\/switzerland\/\">Hier klicken, um den Bericht zu lesen<\/a>) hervorgehoben. <a href=\"https:\/\/rm.coe.int\/greta-evaluation-report-on-switzerland-third-evaluation-round-focus-ac\/1680b079a5\">Hier klicken<\/a>, um den dritten Evaluationsbericht vom 20. Juni 2024 zu lesen F\u00fcr zus\u00e4tzlichen Kontext ist auch der Human Rights Practice Country Report 2019 zur Schweiz verf\u00fcgbar, in dem das Problem ebenfalls erw\u00e4hnt wird.<\/p>\n\n\n<div class=\"wp-block-image\">\n<figure class=\"alignleft size-full is-resized\"><a href=\"https:\/\/helvilux.lu\/wp-content\/uploads\/2025\/12\/image-45.png\"><img loading=\"lazy\" decoding=\"async\" width=\"282\" height=\"178\" src=\"https:\/\/helvilux.lu\/wp-content\/uploads\/2025\/12\/image-45.png\" alt=\"\" class=\"wp-image-1140\" style=\"width:207px;height:auto\" srcset=\"https:\/\/helvilux.lu\/wp-content\/uploads\/2025\/12\/image-45.png 282w, https:\/\/helvilux.lu\/wp-content\/uploads\/2025\/12\/image-45-150x95.png 150w\" sizes=\"auto, (max-width: 282px) 100vw, 282px\" \/><\/a><figcaption class=\"wp-element-caption\"><strong>\u00a9<\/strong> <a href=\"https:\/\/sans-papiers-zuerich.ch\/wp-content\/uploads\/2025\/05\/SPAZ_bulletin_24_61_WEB.pdf\" data-type=\"link\" data-id=\"https:\/\/sans-papiers-zuerich.ch\/wp-content\/uploads\/2025\/05\/SPAZ_bulletin_24_61_WEB.pdf\">Anna Schmid<\/a> SPAZ<\/figcaption><\/figure>\n<\/div>\n\n\n<p>Anna Schmid, die Sprecherin der Sans-Papiers Anlaufstelle Z\u00fcrich, sagte zu HELVILUX: &#8220;Gewalt gegen Frauen ist leider ein Ph\u00e4nomen, das in allen Gesellschaftsschichten und kulturellen Kontexten zu beobachten ist. Es ist dringend erforderlich, dass diese Form von Gewalt in allen Bereichen der Gesellschaft bek\u00e4mpft wird. Dringende Ma\u00dfnahmen m\u00fcssen ergriffen werden, um gewaltbetroffene Sans-Papiers besser zu sch\u00fctzen. F\u00fcr die gesellschaftliche Integration von Sans-Papiers ist eine Regularisierung ihres Aufenthaltsstatus zentral. Sans-Papiers sind den Beh\u00f6rden nicht bekannt; daher w\u00e4re eine fr\u00fchzeitige Orientierung f\u00fcr diese Gruppe wahrscheinlich schwer umzusetzen. Ob diese Ma\u00dfnahme f\u00fcr Asylsuchende sinnvoll ist, k\u00f6nnen wir nicht beurteilen, da wir keine Expertinnen f\u00fcr das Asylverfahren sind.&#8221;<\/p>\n\n\n<div class=\"wp-block-image\">\n<figure class=\"alignright size-full is-resized\"><a href=\"https:\/\/helvilux.lu\/wp-content\/uploads\/2025\/12\/Sans-Papiers-cannot-file-complaints-against-perpetrators-without-risking-deportation-themselves.png\"><img loading=\"lazy\" decoding=\"async\" width=\"300\" height=\"180\" src=\"https:\/\/helvilux.lu\/wp-content\/uploads\/2025\/12\/Sans-Papiers-cannot-file-complaints-against-perpetrators-without-risking-deportation-themselves.png\" alt=\"\" class=\"wp-image-1127\" style=\"width:190px;height:auto\" srcset=\"https:\/\/helvilux.lu\/wp-content\/uploads\/2025\/12\/Sans-Papiers-cannot-file-complaints-against-perpetrators-without-risking-deportation-themselves.png 300w, https:\/\/helvilux.lu\/wp-content\/uploads\/2025\/12\/Sans-Papiers-cannot-file-complaints-against-perpetrators-without-risking-deportation-themselves-150x90.png 150w\" sizes=\"auto, (max-width: 300px) 100vw, 300px\" \/><\/a><\/figure>\n<\/div>\n\n\n<p>W\u00e4hrend Anna Schmid und die Sans-Papiers Anlaufstelle Z\u00fcrich die Herausforderungen beim Schutz und der Unterst\u00fctzung weiblicher und undokumentierter Migrant<em>innen hervorhoben, betonten sie auch, dass sie keine Expert<\/em>innen f\u00fcr das Asylverfahren sind und empfahlen, Fragen zu Asylsuchenden an spezialisierte Organisationen zu richten. Dies wirft erneut die von Helvilux hervorgehobene Frage auf: <strong>Welche Ma\u00dfnahmen gibt es, um sicherzustellen, dass m\u00e4nnliche und undokumentierte Migrantinnen, einschlie\u00dflich Sans-Papiers, die mit den Schweizer Gesetzen und Verhaltensregeln m\u00f6glicherweise nicht vertraut sind, Frauen oder Kinder aufgrund kultureller Unterschiede nicht misshandeln?<\/strong><\/p>\n\n\n<div class=\"wp-block-image\">\n<figure class=\"alignleft size-full is-resized\"><a href=\"https:\/\/helvilux.lu\/wp-content\/uploads\/2025\/12\/D123760A-7C0E-4AF3-A0A8-FA0DF9493FCB.png\"><img loading=\"lazy\" decoding=\"async\" width=\"607\" height=\"448\" src=\"https:\/\/helvilux.lu\/wp-content\/uploads\/2025\/12\/D123760A-7C0E-4AF3-A0A8-FA0DF9493FCB.png\" alt=\"\" class=\"wp-image-1112\" style=\"aspect-ratio:1.3549703522846182;width:241px;height:auto\" srcset=\"https:\/\/helvilux.lu\/wp-content\/uploads\/2025\/12\/D123760A-7C0E-4AF3-A0A8-FA0DF9493FCB.png 607w, https:\/\/helvilux.lu\/wp-content\/uploads\/2025\/12\/D123760A-7C0E-4AF3-A0A8-FA0DF9493FCB-300x221.png 300w, https:\/\/helvilux.lu\/wp-content\/uploads\/2025\/12\/D123760A-7C0E-4AF3-A0A8-FA0DF9493FCB-569x420.png 569w, https:\/\/helvilux.lu\/wp-content\/uploads\/2025\/12\/D123760A-7C0E-4AF3-A0A8-FA0DF9493FCB-80x60.png 80w, https:\/\/helvilux.lu\/wp-content\/uploads\/2025\/12\/D123760A-7C0E-4AF3-A0A8-FA0DF9493FCB-150x111.png 150w\" sizes=\"auto, (max-width: 607px) 100vw, 607px\" \/><\/a><figcaption class=\"wp-element-caption\"><em>Das <a href=\"https:\/\/sans-papiers-zuerich.ch\/wp-content\/uploads\/2025\/12\/SPAZ-Jubi-Nov.Alles_WEB.pdf\">SPAZ<\/a>-Team betont ihr Engagement zur Unterst\u00fctzung von Sans-Papiers.<br>Foto: Ursula Markus<br><\/em><\/figcaption><\/figure>\n<\/div>\n\n\n<p>Die Sans-Papiers Anlaufstelle Z\u00fcrich (SPAZ) ist eine unabh\u00e4ngige, niederschwellige Beratungsstelle in der Kalkbreitestrasse 8 in Z\u00fcrich, die sich seit Jahren f\u00fcr Menschen ohne geregelten Aufenthaltsstatus einsetzt. Sie bietet vertrauliche Unterst\u00fctzung in rechtlichen, sozialen und gesundheitlichen Fragen, k\u00e4mpft gegen Ausbeutung und sensibilisiert die \u00d6ffentlichkeit f\u00fcr die prek\u00e4re Lage der gesch\u00e4tzt 20&#8217;000 Sans-Papiers im Kanton Z\u00fcrich.<\/p>\n\n\n\n<p>Die Sans-Papiers Anlaufstelle Z\u00fcrich beobachtet, dass es f\u00fcr Gewaltopfer, insbesondere f\u00fcr weibliche undokumentierte Migrantinnen, sehr schwierig ist, Schutz zu erhalten. Betroffene Sans-Papiers k\u00f6nnen keine Anzeige gegen die T\u00e4ter erstatten, ohne selbst das Risiko einer Abschiebung einzugehen.<\/p>\n\n\n\n<p>In diesem Zusammenhang folgt Helvilux Media derzeit dem Vorgehen mit der <a href=\"https:\/\/www.zh.ch\/de\/sicherheitsdirektion\/kantonspolizei-zuerich.html\" data-type=\"link\" data-id=\"https:\/\/www.zh.ch\/de\/sicherheitsdirektion\/kantonspolizei-zuerich.html\">Kantonspolizei Z\u00fcrich<\/a> und anschlie\u00dfend mit den Polizeibeh\u00f6rden anderer <a href=\"https:\/\/www.fedpol.admin.ch\/fedpol\/en\/home.html\" data-type=\"link\" data-id=\"https:\/\/www.fedpol.admin.ch\/fedpol\/en\/home.html\">Schweizer<\/a> Kantone, um zu pr\u00fcfen, ob es M\u00f6glichkeiten gibt, dass weibliche, undokumentierte Sans-Papiers \u00fcber eine<em>n rechtliche<\/em>n Vertreter<em>in Beschwerden \u00fcber Misshandlungen einreichen und Gerechtigkeit sowie Schutz erhalten k\u00f6nnen, ohne pers\u00f6nlich eine Polizeistation aufsuchen zu m\u00fcssen. Sobald wir Informationen von der Polizei, den Staatsanwaltschaften und weiteren zust\u00e4ndigen Beh\u00f6rden erhalten, werden wir diese hier f\u00fcr unsere Leser<\/em>innen pr\u00e4sentieren.<\/p>\n\n\n\n<div class=\"wp-block-group is-vertical is-layout-flex wp-container-core-group-is-layout-8cf370e7 wp-block-group-is-layout-flex\">\n<div class=\"wp-block-group\"><div class=\"wp-block-group__inner-container is-layout-constrained wp-block-group-is-layout-constrained\">\n<div class=\"wp-block-group\"><div class=\"wp-block-group__inner-container is-layout-constrained wp-block-group-is-layout-constrained\">\n<h3 class=\"wp-block-heading\"><strong><strong>Auch M\u00e4nner sind in Bern, Schweiz, von sexuellem Fehlverhalten betroffen<\/strong><\/strong><\/h3>\n\n\n<div class=\"wp-block-image\">\n<figure class=\"alignleft size-full is-resized\"><a href=\"https:\/\/helvilux.lu\/wp-content\/uploads\/2025\/12\/grosse-schanze-case-sexual-assult.png\"><img loading=\"lazy\" decoding=\"async\" width=\"300\" height=\"240\" src=\"https:\/\/helvilux.lu\/wp-content\/uploads\/2025\/12\/grosse-schanze-case-sexual-assult.png\" alt=\"\" class=\"wp-image-1054\" style=\"width:191px;height:auto\" srcset=\"https:\/\/helvilux.lu\/wp-content\/uploads\/2025\/12\/grosse-schanze-case-sexual-assult.png 300w, https:\/\/helvilux.lu\/wp-content\/uploads\/2025\/12\/grosse-schanze-case-sexual-assult-150x120.png 150w\" sizes=\"auto, (max-width: 300px) 100vw, 300px\" \/><\/a><\/figure>\n<\/div>\n\n\n<p>Vorf\u00e4lle von sexuellem Fehlverhalten in Asyleinrichtungen wurden auch in mehreren Kantonen gemeldet. Im Herbst 2024 n\u00e4herte sich ein 22-j\u00e4hriger m\u00e4nnlicher Asylsuchender, der in einer Unterkunft im Kanton Bern lebte, einem Mann am Bahnhof Bern, angeblich um Hilfe zu erbitten. Laut dem Zusammenfassenden Strafbefehl folgte das Opfer ihm in einen Aufzug zur Grossen Schanze, <strong><em>&#8220;\u2026wo er w\u00e4hrend der Fahrt kontinuierlich auf das Geschlechtsteil des Opfers starrte.&#8221;<\/em><\/strong> Der T\u00e4ter ergriff anschlie\u00dfend das Opfer am Handgelenk, f\u00fchrte ihn zu Liegest\u00fchlen auf dem Rasen, entbl\u00f6\u00dfte sich und deutete mit Gesten orale sexuelle Handlungen an. Der Beschuldigte wurde wegen sexueller Bel\u00e4stigung, einfacher K\u00f6rperverletzung, Versto\u00dfes gegen das Ausl\u00e4ndergesetz, Hausfriedensbruchs und Diebstahls verurteilt. <strong><a href=\"https:\/\/www.bluewin.ch\/en\/news\/switzerland\/sexual-assault-on-the-grosse-schanze-man-22-sentenced-2535416.html\">Klicken Sie hier, um die Nachricht zu lesen<\/a><\/strong><\/p>\n\n\n\n<p>Helvilux kontaktierte daher die zust\u00e4ndigen Beh\u00f6rden, um zu kl\u00e4ren, ob der verurteilte T\u00e4ter weiterhin in der Schweiz lebt und Sozialhilfe erh\u00e4lt oder in sein Herkunftsland abgeschoben wurde. Zum Zeitpunkt der Ver\u00f6ffentlichung haben die Schweizer Beh\u00f6rden keine Antwort gegeben, sodass dies weiterhin unklar bleibt.<\/p>\n\n\n\n<p>Dieser Fall weckt \u00f6ffentliches Interesse an \u00e4hnlichen Rechtsfragen, insbesondere hinsichtlich des Verbleibs von Personen, die wegen sexueller Bel\u00e4stigung an der Grossen Schanze verurteilt wurden. <\/p>\n<\/div><\/div>\n\n\n\n<div class=\"wp-block-group\"><div class=\"wp-block-group__inner-container is-layout-constrained wp-block-group-is-layout-constrained\">\n<p>Bemerkenswert ist, dass 2009 eine junge Frau mit einer Geldstrafe belegt wurde, weil sie an der Grossen Schanze (<strong><a href=\"https:\/\/www.bernerzeitung.ch\/grosse-schanze-verbote-gelten-nicht-mehr-395231260860\" data-type=\"link\" data-id=\"https:\/\/www.bernerzeitung.ch\/grosse-schanze-verbote-gelten-nicht-mehr-395231260860\">Klicken Sie hier, um die Nachricht zu lesen<\/a><\/strong>) in die B\u00fcsche urinierte \u2013 ein Versto\u00df gegen \u00f6ffentliche Vorschriften. Nach Berufungen vor unteren und h\u00f6heren Gerichten wurde sie schlie\u00dflich vom Bundesgericht freigesprochen, die Geldstrafe aufgehoben und der Kanton zur \u00dcbernahme von Kosten in H\u00f6he von 6.000 CHF verpflichtet.<\/p>\n<\/div><\/div>\n<\/div><\/div>\n<\/div>\n\n\n<div class=\"wp-block-image\">\n<figure class=\"alignleft size-full is-resized\"><img loading=\"lazy\" decoding=\"async\" width=\"300\" height=\"180\" src=\"https:\/\/helvilux.lu\/wp-content\/uploads\/2025\/12\/why-are-governments-failing-to-prevent-such-crimes-helvilux.png\" alt=\"\" class=\"wp-image-1053\" style=\"width:220px;height:auto\" srcset=\"https:\/\/helvilux.lu\/wp-content\/uploads\/2025\/12\/why-are-governments-failing-to-prevent-such-crimes-helvilux.png 300w, https:\/\/helvilux.lu\/wp-content\/uploads\/2025\/12\/why-are-governments-failing-to-prevent-such-crimes-helvilux-150x90.png 150w\" sizes=\"auto, (max-width: 300px) 100vw, 300px\" \/><figcaption class=\"wp-element-caption\">Die Frage stellt sich nach einer Reihe von Misshandlungen und selbst nach Reformen der Strafvorschriften.<\/figcaption><\/figure>\n<\/div>\n\n\n<p>Eine zweigenerationige Schweizerin aus Oberwinigen, Kanton Z\u00fcrich, sprach unter der Bedingung der Anonymit\u00e4t mit Helvilux und erkl\u00e4rte: <strong>&#8220;Viele Organisationen setzen Priorit\u00e4ten auf die Rechte von Asylsuchenden, doch wenn es um die Sicherheit einheimischer Frauen geht, ergreifen dieselben Organisationen selten Initiativen oder sprechen sich aus, um sicherzustellen, dass Asylsuchende oder undokumentierte Migranten keine Gefahr darstellen. Haben nur Asylsuchende Menschenrechte? Was ist dann mit unseren Menschenrechten?&#8221;<\/strong><\/p>\n\n\n\n<p>Sie gab auch Einblicke in die Funktionsweise einer privaten Firma, die ein Asylcamp in der <a href=\"https:\/\/www.oberweningen.ch\/\">Gemeinde Oberwinigen<\/a> betreibt und lediglich 8\u201310 Asylsuchende und Fl\u00fcchtlinge beherbergt. Helvilux plant, zu diesem Thema einen detaillierten Bericht zu ver\u00f6ffentlichen, der Link wird hier nach Ver\u00f6ffentlichung bereitgestellt.<\/p>\n\n\n\n<p>Ein weiterer Schweizer B\u00fcrger und Aktivist aus Winterthur, Kanton Z\u00fcrich, berichtete dem Helvilux-Team \u00fcber \u00e4hnliche Beobachtungen.<\/p>\n\n\n\n<figure class=\"wp-block-image size-large\"><img loading=\"lazy\" decoding=\"async\" width=\"1024\" height=\"178\" src=\"https:\/\/helvilux.lu\/wp-content\/uploads\/2025\/12\/eric-westacott-helvilux-1-1024x178.png\" alt=\"An experienced human right activist in Winterthur (ZH) said to Helvilux: \u201cUntil the public directly holds governments accountable, nothing will change. Swiss citizens, residents and their minor childrens are treated like guinea pigs in an experiment, where asylum seekers or undocumented migrants may mistreat them, violence and hatred spread, and certain actors profit from the resulting chaos.\u201d\" class=\"wp-image-1060\" srcset=\"https:\/\/helvilux.lu\/wp-content\/uploads\/2025\/12\/eric-westacott-helvilux-1-1024x178.png 1024w, https:\/\/helvilux.lu\/wp-content\/uploads\/2025\/12\/eric-westacott-helvilux-1-300x52.png 300w, https:\/\/helvilux.lu\/wp-content\/uploads\/2025\/12\/eric-westacott-helvilux-1-768x134.png 768w, https:\/\/helvilux.lu\/wp-content\/uploads\/2025\/12\/eric-westacott-helvilux-1-150x26.png 150w, https:\/\/helvilux.lu\/wp-content\/uploads\/2025\/12\/eric-westacott-helvilux-1-696x121.png 696w, https:\/\/helvilux.lu\/wp-content\/uploads\/2025\/12\/eric-westacott-helvilux-1-1068x186.png 1068w, https:\/\/helvilux.lu\/wp-content\/uploads\/2025\/12\/eric-westacott-helvilux-1.png 1280w\" sizes=\"auto, (max-width: 1024px) 100vw, 1024px\" \/><\/figure>\n\n\n<div class=\"wp-block-image\">\n<figure class=\"alignright size-full is-resized\"><img loading=\"lazy\" decoding=\"async\" width=\"750\" height=\"499\" src=\"https:\/\/helvilux.lu\/wp-content\/uploads\/2025\/12\/image-36.png\" alt=\"\" class=\"wp-image-1078\" style=\"aspect-ratio:1.5031144695190441;width:301px;height:auto\" srcset=\"https:\/\/helvilux.lu\/wp-content\/uploads\/2025\/12\/image-36.png 750w, https:\/\/helvilux.lu\/wp-content\/uploads\/2025\/12\/image-36-300x200.png 300w, https:\/\/helvilux.lu\/wp-content\/uploads\/2025\/12\/image-36-631x420.png 631w, https:\/\/helvilux.lu\/wp-content\/uploads\/2025\/12\/image-36-150x100.png 150w, https:\/\/helvilux.lu\/wp-content\/uploads\/2025\/12\/image-36-696x463.png 696w\" sizes=\"auto, (max-width: 750px) 100vw, 750px\" \/><figcaption class=\"wp-element-caption\"><strong>\u00a9<\/strong> <a href=\"https:\/\/www.frontex.europa.eu\/\" data-type=\"link\" data-id=\"https:\/\/www.frontex.europa.eu\/\">Frontex <\/a><\/figcaption><\/figure>\n<\/div>\n\n\n<p>Ein interessanter Aspekt ist das <strong><a href=\"https:\/\/www.bk.admin.ch\/ch\/d\/pore\/va\/20220515\/index.html\">Schweizer Referendum<\/a> <\/strong>vom 15. Mai 2022, das dar\u00fcber entschied, ob die Schweiz an der Ausweitung von <strong><a href=\"https:\/\/www.frontex.europa.eu\/\">Frontex<\/a><\/strong> (Europ\u00e4ische Grenz- und K\u00fcstenwache) teilnehmen und die entsprechende EU-Verordnung im Rahmen der Schengen-\/Dublin-Zusammenarbeit \u00fcbernehmen sollte. Der Bundesrat und das Parlament hatten die Teilnahme bereits genehmigt, doch ein Referendum wurde ausgel\u00f6st, nachdem Migrantensolidarit\u00e4tsgruppen, NGOs und linksgerichtete Parteien (wie die Sozialdemokraten und die Gr\u00fcnen) \u00fcber <a href=\"https:\/\/frontex-referendum.ch\/en\/\">62.000 Unterschriften<\/a> gesammelt hatten.<\/p>\n\n\n\n<p>Gegner argumentierten, dass eine Finanzierung von Frontex die Schweiz mitschuldig an angeblichen Menschenrechtsverletzungen an den Au\u00dfengrenzen der EU machen w\u00fcrde. Dennoch stimmten die W\u00e4hler mit 71,5\u202f% f\u00fcr den Vorschlag, wodurch die finanzielle Beteiligung der Schweiz an Frontex von etwa 24\u202fMillionen CHF im Jahr 2021 auf bis zu 61\u202fMillionen CHF j\u00e4hrlich bis 2027 erh\u00f6ht wird (<a href=\"https:\/\/www.bk.admin.ch\/ch\/d\/pore\/va\/20220515\/index.html\">Klicken Sie hier, um das Ergebnis einzusehen<\/a>).<\/p>\n\n\n<div class=\"wp-block-image\">\n<figure class=\"alignleft size-large is-resized\"><img loading=\"lazy\" decoding=\"async\" width=\"1024\" height=\"569\" src=\"https:\/\/helvilux.lu\/wp-content\/uploads\/2025\/12\/image-30-1024x569.png\" alt=\"It is worth noting that, according to the Swiss State Secretariat for Migration (SEM), the latest data from October 2025 show that 2,643 asylum applications were registered in Switzerland, 72 more than in the previous month. In 2022 there were 24,511 applicants, in 2023 was 30,223 and last year were 27,740 applications. \" class=\"wp-image-1061\" style=\"aspect-ratio:1.7996689301037128;width:295px;height:auto\" srcset=\"https:\/\/helvilux.lu\/wp-content\/uploads\/2025\/12\/image-30-1024x569.png 1024w, https:\/\/helvilux.lu\/wp-content\/uploads\/2025\/12\/image-30-300x167.png 300w, https:\/\/helvilux.lu\/wp-content\/uploads\/2025\/12\/image-30-768x427.png 768w, https:\/\/helvilux.lu\/wp-content\/uploads\/2025\/12\/image-30-756x420.png 756w, https:\/\/helvilux.lu\/wp-content\/uploads\/2025\/12\/image-30-150x83.png 150w, https:\/\/helvilux.lu\/wp-content\/uploads\/2025\/12\/image-30-696x387.png 696w, https:\/\/helvilux.lu\/wp-content\/uploads\/2025\/12\/image-30-1068x593.png 1068w, https:\/\/helvilux.lu\/wp-content\/uploads\/2025\/12\/image-30.png 1469w\" sizes=\"auto, (max-width: 1024px) 100vw, 1024px\" \/><figcaption class=\"wp-element-caption\">Danke, Frontex\u2026 daf\u00fcr, dass genau 72 zus\u00e4tzliche Personen in der Warteschlange warten durften. Fortschritt! \u00a9 <a href=\"https:\/\/www.news.admin.ch\/de\/newnsb\/pxi8-9kGH7Gp\">SEM<\/a><\/figcaption><\/figure>\n<\/div>\n\n\n<p>Es ist erw\u00e4hnenswert, dass laut dem Schweizerischen Staatssekretariat f\u00fcr Migration (SEM) die neuesten Daten vom Oktober 2025 zeigen, dass in der Schweiz <strong>2643<\/strong> Asylantr\u00e4ge registriert wurden, <strong>72 mehr<\/strong> als im Vormonat. Im Jahr 2022 gab es <strong>24,511<\/strong> Antragsteller, 2023 waren es <strong>30,223<\/strong> und im vergangenen Jahr <strong>27,740<\/strong> Antr\u00e4ge.<\/p>\n\n\n\n<p>Angesichts dieser Zahlen k\u00f6nnte man argumentieren, dass es keinen signifikanten R\u00fcckgang der Asylantr\u00e4ge gegeben hat; tats\u00e4chlich sind sie im Vergleich zu einigen Vorjahren gestiegen. Dies wirft die Frage auf, welchen konkreten Einfluss die erh\u00f6hte Schweizer Steuerzahlerfinanzierung f\u00fcr <a href=\"https:\/\/www.frontex.europa.eu\/\">Frontex<\/a> (von 24\u202fMillionen CHF im Jahr 2021 auf bis zu 61\u202fMillionen CHF j\u00e4hrlich bis 2027) auf die Asylantragszahlen hatte.<\/p>\n\n\n\n<h2 class=\"wp-block-heading\"><strong><strong>Indische Banden nutzen Visa-L\u00fccken aus und zielen auf die Schweiz, Europa und Nordamerika<\/strong><\/strong><\/h2>\n\n\n\n<figure class=\"wp-block-image size-large\"><a href=\"https:\/\/helvilux.lu\/index.php\/2025\/11\/26\/how-an-accused-indian-gangster-slipped-into-europe-and-why-authorities-must-wake-up\/\"><img loading=\"lazy\" decoding=\"async\" width=\"1024\" height=\"338\" src=\"https:\/\/helvilux.lu\/wp-content\/uploads\/2025\/11\/nilesh-ghailwal-switzerland-uk-gangster-helvilux-1024x338.jpg\" alt=\"Indian Gang Networks Exploit Visa Loopholes, Targeting Switzerland, Europe, and North America\" class=\"wp-image-666\" srcset=\"https:\/\/helvilux.lu\/wp-content\/uploads\/2025\/11\/nilesh-ghailwal-switzerland-uk-gangster-helvilux-1024x338.jpg 1024w, https:\/\/helvilux.lu\/wp-content\/uploads\/2025\/11\/nilesh-ghailwal-switzerland-uk-gangster-helvilux-300x99.jpg 300w, https:\/\/helvilux.lu\/wp-content\/uploads\/2025\/11\/nilesh-ghailwal-switzerland-uk-gangster-helvilux-768x254.jpg 768w, https:\/\/helvilux.lu\/wp-content\/uploads\/2025\/11\/nilesh-ghailwal-switzerland-uk-gangster-helvilux-1271x420.jpg 1271w, https:\/\/helvilux.lu\/wp-content\/uploads\/2025\/11\/nilesh-ghailwal-switzerland-uk-gangster-helvilux-150x50.jpg 150w, https:\/\/helvilux.lu\/wp-content\/uploads\/2025\/11\/nilesh-ghailwal-switzerland-uk-gangster-helvilux-696x230.jpg 696w, https:\/\/helvilux.lu\/wp-content\/uploads\/2025\/11\/nilesh-ghailwal-switzerland-uk-gangster-helvilux-1068x353.jpg 1068w, https:\/\/helvilux.lu\/wp-content\/uploads\/2025\/11\/nilesh-ghailwal-switzerland-uk-gangster-helvilux.jpg 1280w\" sizes=\"auto, (max-width: 1024px) 100vw, 1024px\" \/><\/a><\/figure>\n\n\n\n<p>Nicht nur Asylsuchende, illegale Migranten oder Fl\u00fcchtlinge m\u00fcssen sich in der Schweiz sch\u00fctzen, auch die lokale Bev\u00f6lkerung ist vor verschiedenen kriminellen Elementen gef\u00e4hrdet. K\u00fcrzlich kam ein Gangster aus Indien \u00fcber das Vereinigte K\u00f6nigreich in die Schweiz, doch bislang hat keine Schweizer Medienorganisation dar\u00fcber berichtet.<\/p>\n\n\n<div class=\"wp-block-image\">\n<figure class=\"alignleft size-large is-resized\"><a href=\"https:\/\/helvilux.lu\/wp-content\/uploads\/2025\/11\/blue-notice-nilesh-ghaiwal-maharashtra-gangster-helvilux.jpg\"><img loading=\"lazy\" decoding=\"async\" width=\"1024\" height=\"768\" src=\"https:\/\/helvilux.lu\/wp-content\/uploads\/2025\/11\/blue-notice-nilesh-ghaiwal-maharashtra-gangster-helvilux-1024x768.jpg\" alt=\"\" class=\"wp-image-664\" style=\"width:221px;height:auto\" srcset=\"https:\/\/helvilux.lu\/wp-content\/uploads\/2025\/11\/blue-notice-nilesh-ghaiwal-maharashtra-gangster-helvilux-1024x768.jpg 1024w, https:\/\/helvilux.lu\/wp-content\/uploads\/2025\/11\/blue-notice-nilesh-ghaiwal-maharashtra-gangster-helvilux-300x225.jpg 300w, https:\/\/helvilux.lu\/wp-content\/uploads\/2025\/11\/blue-notice-nilesh-ghaiwal-maharashtra-gangster-helvilux-768x576.jpg 768w, https:\/\/helvilux.lu\/wp-content\/uploads\/2025\/11\/blue-notice-nilesh-ghaiwal-maharashtra-gangster-helvilux-560x420.jpg 560w, https:\/\/helvilux.lu\/wp-content\/uploads\/2025\/11\/blue-notice-nilesh-ghaiwal-maharashtra-gangster-helvilux-80x60.jpg 80w, https:\/\/helvilux.lu\/wp-content\/uploads\/2025\/11\/blue-notice-nilesh-ghaiwal-maharashtra-gangster-helvilux-150x113.jpg 150w, https:\/\/helvilux.lu\/wp-content\/uploads\/2025\/11\/blue-notice-nilesh-ghaiwal-maharashtra-gangster-helvilux-696x522.jpg 696w, https:\/\/helvilux.lu\/wp-content\/uploads\/2025\/11\/blue-notice-nilesh-ghaiwal-maharashtra-gangster-helvilux-1068x801.jpg 1068w, https:\/\/helvilux.lu\/wp-content\/uploads\/2025\/11\/blue-notice-nilesh-ghaiwal-maharashtra-gangster-helvilux.jpg 1280w\" sizes=\"auto, (max-width: 1024px) 100vw, 1024px\" \/><\/a><figcaption class=\"wp-element-caption\"><a href=\"https:\/\/helvilux.lu\/index.php\/2025\/11\/26\/how-an-accused-indian-gangster-slipped-into-europe-and-why-authorities-must-wake-up\/\">Wie ein angeklagter indischer Gangster nach Europa einschleichen konnte und warum die Beh\u00f6rden aufwachen m\u00fcssen<\/a> \u00a9 <a href=\"https:\/\/helvilux.lu\">HELVILUX<\/a><\/figcaption><\/figure>\n<\/div>\n\n\n<p>Helvilux berichtete jedoch, wie der mutma\u00dflich mit korrupten indischen Politikern und Polizisten unterst\u00fctzte, von Interpol gesuchte indische Gangster Nilesh Ghaiwal mit einem gef\u00e4lschten indischen Pass ein UK-Touristenvisum erhielt und \u00fcber das Vereinigte K\u00f6nigreich in die Schweiz gelangte. Das Vereinigte K\u00f6nigreich ist seit langem ein beliebtes Ziel f\u00fcr Fl\u00fcchtlinge aus Indien(<strong><a href=\"https:\/\/helvilux.lu\/index.php\/2025\/11\/26\/how-an-accused-indian-gangster-slipped-into-europe-and-why-authorities-must-wake-up\/\">Klicken Sie hier, um die Nachricht zu lesen<\/a><\/strong>). Helvilux erkundigte sich beim SEM, welche Ma\u00dfnahmen in diesem Fall ergriffen wurden, erhielt jedoch keine Antwort.<\/p>\n\n\n\n<p>Helvilux kontaktierte zudem das <a href=\"https:\/\/www.gov.uk\/government\/organisations\/home-office\">Home Office<\/a> im Gross Britania, um zu verstehen, wie die Migrationsbeh\u00f6rden einem indischen Gangster mit gef\u00e4lschtem Pass so leicht ein Touristenvisum ausstellten, das ihm die Einreise in die Schweiz \u00fcber das Vereinigte K\u00f6nigreich erm\u00f6glichte. Interessanterweise hat das Home Office bisher keine schriftliche Erkl\u00e4rung abgegeben, sondern Helvilux an den Direktkommunikationsbeauftragten <strong>Mr. B. Singh<\/strong> telefonisch verwiesen. (<a href=\"https:\/\/helvilux.lu\/wp-content\/uploads\/2025\/12\/b-singh-home-office-letter-helvilux-2.jpg\">Hier klicken, um den Brief zu lesen<\/a>).<\/p>\n\n\n<div class=\"wp-block-image\">\n<figure class=\"alignright size-full\"><a href=\"https:\/\/www.telegraph.co.uk\/news\/2025\/02\/12\/uk-skilled-worker-visa-list-includes-djs-and-dog-walkers\/\"><img loading=\"lazy\" decoding=\"async\" width=\"300\" height=\"50\" src=\"https:\/\/helvilux.lu\/wp-content\/uploads\/2025\/12\/yogi-visa-for-indians-UK-helvilux.png\" alt=\"\" class=\"wp-image-1074\" srcset=\"https:\/\/helvilux.lu\/wp-content\/uploads\/2025\/12\/yogi-visa-for-indians-UK-helvilux.png 300w, https:\/\/helvilux.lu\/wp-content\/uploads\/2025\/12\/yogi-visa-for-indians-UK-helvilux-150x25.png 150w\" sizes=\"auto, (max-width: 300px) 100vw, 300px\" \/><\/a><figcaption class=\"wp-element-caption\">By <a href=\"https:\/\/www.telegraph.co.uk\/authors\/c\/cf-cj\/charles-hymas\/\" data-type=\"link\" data-id=\"https:\/\/www.telegraph.co.uk\/authors\/c\/cf-cj\/charles-hymas\/\">Charles Hymas <\/a><strong>\u00a9<\/strong> <a href=\"https:\/\/www.telegraph.co.uk\/news\/2025\/02\/12\/uk-skilled-worker-visa-list-includes-djs-and-dog-walkers\/\" data-type=\"link\" data-id=\"https:\/\/www.telegraph.co.uk\/news\/2025\/02\/12\/uk-skilled-worker-visa-list-includes-djs-and-dog-walkers\/\">The Telegraph<\/a><\/figcaption><\/figure>\n<\/div>\n\n\n<p>Es ist erw\u00e4hnenswert, dass Indien und das Vereinigte K\u00f6nigreich 1.800 UK-Visa f\u00fcr K\u00f6che, Yoga-Experten und Musiker anbieten. Diese Ank\u00fcndigung erfolgte w\u00e4hrend des Besuchs des indischen Premierministers in Chequers bei Aylesbury, England, gemeinsam mit dem britischen Premierminister Keir Starmer, um am 24. Juli 2025 ein Freihandelsabkommen zu unterzeichnen (<a href=\"https:\/\/www.business-standard.com\/immigration\/india-uk-fta-offers-1-800-uk-visas-for-chefs-yoga-experts-musicians-125072501052_1.html\">Hier klicken, um den Bericht zu lesen<\/a>). Sp\u00e4ter k\u00fcndigte Keir Starmer im Oktober 2025 an, dass das Vereinigte K\u00f6nigreich die Visabestimmungen f\u00fcr Indien nicht lockern werde (<a href=\"https:\/\/www.bbc.com\/news\/articles\/c9wdzryk477o\">Hier klicken, um den Bericht zu lesen<\/a>).<\/p>\n\n\n\n<p>Dies wirft ernsthafte Bedenken auf, dass, falls Personen auf Schweizer Boden oder im Vereinigten K\u00f6nigreich Erpressung, Entf\u00fchrung oder Mord im Zusammenhang mit Gangstern aus Indien ausgesetzt w\u00e4ren, das fehlende rechtzeitige Eingreifen durch das SEM und das Home Office das Risiko f\u00fcr die lokale Bev\u00f6lkerung in der Schweiz, im Vereinigten K\u00f6nigreich und anderen europ\u00e4ischen L\u00e4ndern erh\u00f6ht haben k\u00f6nnte. Dieser Fall verdeutlicht erneut die Verwundbarkeit von Schweizer und europ\u00e4ischen B\u00fcrgern und Bewohnern und den dringenden Bedarf an wirksamen Schutzma\u00dfnahmen.<\/p>\n\n\n\n<p>\u00c4hnliche Muster wurden bereits in Kanada und den Vereinigten Staaten beobachtet, wo einige B\u00fcrger Indiens, insbesondere aus Haryana und Punjab, in westliche L\u00e4nder kamen und dort Erpressungs- und Bandenstrukturen betrieben. Es gibt zudem Informationen, dass diese kriminellen Netzwerke mittlerweile in Frankreich und Portugal zugenommen haben. Diese in Indien wegen schwerer Straftaten und Finanzbetrugs gesuchten Personen leben illegal in Frankreich (besonders in Sevran und Livry bei Paris) und in Portugal in der N\u00e4he von Porto und Lissabon auf Bauernh\u00f6fen und in Restaurants, w\u00e4hrend sie gleichzeitig \u00fcber soziale Medien mit ihren Br\u00fcderschaften in Kanada und den USA verbunden bleiben.<\/p>\n\n\n<div class=\"wp-block-image\">\n<figure class=\"alignleft size-full is-resized\"><img loading=\"lazy\" decoding=\"async\" width=\"750\" height=\"1000\" src=\"https:\/\/helvilux.lu\/wp-content\/uploads\/2025\/12\/image-33.png\" alt=\"\" class=\"wp-image-1075\" style=\"aspect-ratio:0.750013690378402;width:176px;height:auto\" srcset=\"https:\/\/helvilux.lu\/wp-content\/uploads\/2025\/12\/image-33.png 750w, https:\/\/helvilux.lu\/wp-content\/uploads\/2025\/12\/image-33-225x300.png 225w, https:\/\/helvilux.lu\/wp-content\/uploads\/2025\/12\/image-33-315x420.png 315w, https:\/\/helvilux.lu\/wp-content\/uploads\/2025\/12\/image-33-150x200.png 150w, https:\/\/helvilux.lu\/wp-content\/uploads\/2025\/12\/image-33-300x400.png 300w, https:\/\/helvilux.lu\/wp-content\/uploads\/2025\/12\/image-33-696x928.png 696w\" sizes=\"auto, (max-width: 750px) 100vw, 750px\" \/><figcaption class=\"wp-element-caption\"><a href=\"https:\/\/www.newsonair.gov.in\/court-sends-anmol-bishnoi-to-11-day-nia-custody\/\" data-type=\"link\" data-id=\"https:\/\/www.newsonair.gov.in\/court-sends-anmol-bishnoi-to-11-day-nia-custody\/\">NIA verhaftete Anmol Bishnoi<\/a><\/figcaption><\/figure>\n<\/div>\n\n\n<p>Im November 2025 deportierte die Trump-Administration 200 indische undokumentierte Migranten, darunter der Gangster Anmol Bishnoi sowie zwei Fl\u00fcchtige, die im Bundesstaat Punjab, Indien, gesucht wurden. Der Flug ging nach Indien, zum Flughafen Delhi. Die Beh\u00f6rden teilten mit, dass Bishnoi, der des Mordes am ehemaligen <a href=\"https:\/\/www.ndtv.com\/india-news\/baba-siddique-murder-lawrence-bishnois-gang-claims-responsibility-for-baba-siddiques-murder-6778557\">Minister von Maharashtra, Baba Siddique,<\/a> beschuldigt wird, bei der Landung am IGI-Flughafen sofort von der National Investigation Agency (<a href=\"https:\/\/nia.gov.in\/\">NIA<\/a>) in Gewahrsam genommen werde. Die NIA nahm Anmol Bishnoi nach seiner Ankunft fest, in einem 2022 eingeleiteten Verfahren zur Untersuchung eines angeblichen Netzwerks zwischen kriminellen Banden in <a href=\"https:\/\/www.ebsco.com\/research-starters\/political-science\/babbar-khalsa-international\">Indien und Babbar Khalsa International (BKI)<\/a>, einer als terroristisch eingestuften Organisation, die Gelder sammelt, Jugendliche rekrutiert und Terroranschl\u00e4ge im Land ver\u00fcbt. (<a href=\"https:\/\/timesofindia.indiatimes.com\/india\/deported-from-us-anmol-bishnoi-lands-in-delhi-is-arrested-by-nia\/articleshow\/125446033.cms\">Hier klicken, um den Bericht zu lesen<\/a>)<\/p>\n\n\n\n<p>Anmol Bishnoi ist der Bruder von <strong>Lawrence Bishnoi<\/strong>, einem ber\u00fcchtigten indischen Gangster und ehemaligen SOPU-F\u00fchrer. Lawrence sieht sich mehr als 20 F\u00e4llen von Mordversuch, Autoraub, Erpressung, Taschendiebstahl und Verst\u00f6\u00dfen gegen das Waffengesetz in Punjab, Haryana, Chandigarh und Rajasthan gegen\u00fcber. Die indische Polizei (Faridkot) hatte ihn am 5. M\u00e4rz 2015 mit ausl\u00e4ndischen Waffen in seinem Besitz festgenommen.<\/p>\n\n\n<div class=\"wp-block-image\">\n<figure class=\"alignright size-large is-resized\"><img loading=\"lazy\" decoding=\"async\" width=\"1024\" height=\"580\" src=\"https:\/\/helvilux.lu\/wp-content\/uploads\/2025\/12\/image-34-1024x580.png\" alt=\"\" class=\"wp-image-1076\" style=\"aspect-ratio:1.7647331632822076;width:218px;height:auto\" srcset=\"https:\/\/helvilux.lu\/wp-content\/uploads\/2025\/12\/image-34-1024x580.png 1024w, https:\/\/helvilux.lu\/wp-content\/uploads\/2025\/12\/image-34-300x170.png 300w, https:\/\/helvilux.lu\/wp-content\/uploads\/2025\/12\/image-34-768x435.png 768w, https:\/\/helvilux.lu\/wp-content\/uploads\/2025\/12\/image-34-741x420.png 741w, https:\/\/helvilux.lu\/wp-content\/uploads\/2025\/12\/image-34-150x85.png 150w, https:\/\/helvilux.lu\/wp-content\/uploads\/2025\/12\/image-34-696x394.png 696w, https:\/\/helvilux.lu\/wp-content\/uploads\/2025\/12\/image-34-1068x605.png 1068w, https:\/\/helvilux.lu\/wp-content\/uploads\/2025\/12\/image-34.png 1290w\" sizes=\"auto, (max-width: 1024px) 100vw, 1024px\" \/><figcaption class=\"wp-element-caption\"><strong>\u00a9<\/strong> <a href=\"https:\/\/www.cbsa-asfc.gc.ca\/menu-eng.html\" data-type=\"link\" data-id=\"https:\/\/www.cbsa-asfc.gc.ca\/menu-eng.html\">Canada Border Service Agency<\/a><\/figcaption><\/figure>\n<\/div>\n\n\n<p>Laut einem Bericht von <strong>Global News<\/strong> lebt eine Familie indischer Herkunft in Ontario weiterhin in Angst, selbst nach der Verhaftung und Deportation von Mitgliedern der Bishnoi-Bande. Die Familie berichtete den Medien, dass sie weiterhin bef\u00fcrchtet, von der Bishnoi-Bande ins Visier genommen zu werden, und sie habe bedrohliche Sprachnachrichten erhalten. Am 11. Dezember 2025 h\u00e4tten unbekannte Personen auf ihr Haus geschossen. (<a href=\"https:\/\/globalnews.ca\/video\/11577661\/they-can-shoot-me-fear-stricken-ontario-family-speaks-after-bishnoi-gang-violence-in-canada\/\">Hier klicken, um den Bericht zu lesen<\/a>). Trotz der R\u00fcckf\u00fchrungen nach Indien stellt sich die Frage, warum und wie die Bishnoi-Bande offenbar st\u00e4rker statt schw\u00e4cher wird.<\/p>\n\n\n\n<p>Am selben Tag des zweiten Schusses erkl\u00e4rte die <strong>Kanadische Grenzschutzbeh\u00f6rde<\/strong>, dass 15 Verd\u00e4chtige, die in BC der Erpressung beschuldigt werden, vorerst als Fl\u00fcchtlinge anerkannt und ihre Abschiebungsverfahren zumindest vor\u00fcbergehend ausgesetzt wurden.<\/p>\n\n\n\n<h2 class=\"wp-block-heading\"><strong><strong>Hotels im Vereinigten K\u00f6nigreich und Irland: Unerw\u00fcnschte <\/strong>&#8220;<strong>Besucher\u201c<\/strong><\/strong><\/h2>\n\n\n<div class=\"wp-block-image\">\n<figure class=\"alignright size-full is-resized\"><img loading=\"lazy\" decoding=\"async\" width=\"300\" height=\"180\" src=\"https:\/\/helvilux.lu\/wp-content\/uploads\/2025\/12\/previously-experienced-abuse-and-was-extremely-vulnerable-Helvilux.png\" alt=\"\" class=\"wp-image-1056\" style=\"width:190px;height:auto\" srcset=\"https:\/\/helvilux.lu\/wp-content\/uploads\/2025\/12\/previously-experienced-abuse-and-was-extremely-vulnerable-Helvilux.png 300w, https:\/\/helvilux.lu\/wp-content\/uploads\/2025\/12\/previously-experienced-abuse-and-was-extremely-vulnerable-Helvilux-150x90.png 150w\" sizes=\"auto, (max-width: 300px) 100vw, 300px\" \/><\/figure>\n<\/div>\n\n\n<p>Die h\u00f6chste Zahl gemeldeter sexueller \u00dcbergriffe durch Asylsuchende in Europa tritt h\u00e4ufig im Vereinigten K\u00f6nigreich und in Dublin, Irland, auf. Laut einem Bericht der The Guardian-Zeitung deckte eine Untersuchung des Observer mehrere Vorf\u00e4lle sexueller Gewalt in Home Office-Hotels auf, darunter Missbrauch sowohl durch andere Asylsuchende als auch durch Hotelpersonal. In einem Fall wurde ein 14-j\u00e4hriges M\u00e4dchen angeblich nach der Trennung von ihrer Mutter in einem Hotel, das \u00fcberwiegend alleinstehende M\u00e4nner beherbergte, verf\u00fchrt und vergewaltigt. Die Mutter des M\u00e4dchens, die anonym bleiben wollte, erkl\u00e4rte, dass ihre Tochter zuvor bereits Missbrauch erfahren habe und &#8220;\u00e4u\u00dferst verletzlich\u201c sei. <a href=\"https:\/\/www.theguardian.com\/society\/2025\/mar\/23\/women-seeking-asylum-allege-sexual-abuse-in-mixed-sex-hotels\">Hier klicken, um den Bericht zu lesen.<\/a><\/p>\n\n\n<div class=\"wp-block-image\">\n<figure class=\"alignleft size-full is-resized\"><a href=\"https:\/\/www.facebook.com\/KeirStarmerLabour\/\"><img loading=\"lazy\" decoding=\"async\" width=\"720\" height=\"508\" src=\"https:\/\/helvilux.lu\/wp-content\/uploads\/2025\/12\/keir-starmer.jpeg\" alt=\"\" class=\"wp-image-1065\" style=\"width:240px;height:auto\" srcset=\"https:\/\/helvilux.lu\/wp-content\/uploads\/2025\/12\/keir-starmer.jpeg 720w, https:\/\/helvilux.lu\/wp-content\/uploads\/2025\/12\/keir-starmer-300x212.jpeg 300w, https:\/\/helvilux.lu\/wp-content\/uploads\/2025\/12\/keir-starmer-595x420.jpeg 595w, https:\/\/helvilux.lu\/wp-content\/uploads\/2025\/12\/keir-starmer-150x106.jpeg 150w, https:\/\/helvilux.lu\/wp-content\/uploads\/2025\/12\/keir-starmer-696x491.jpeg 696w\" sizes=\"auto, (max-width: 720px) 100vw, 720px\" \/><\/a><figcaption class=\"wp-element-caption\"><a href=\"https:\/\/www.facebook.com\/KeirStarmerLabour\/\" data-type=\"link\" data-id=\"https:\/\/www.facebook.com\/KeirStarmerLabour\/\">Social media handle of UK PM Keir Starmer<\/a><\/figcaption><\/figure>\n<\/div>\n\n\n<p>Eine \u00e4hnliche Situation ereignete sich in Dublin, wo ein lokaler Minderj\u00e4hriger von einem Asylsuchenden in einem vom <strong>Irischen Migrationsamt<\/strong> bereitgestellten Hotel sexuell missbraucht wurde. Vor dem Hotel, das sich in einem dicht besiedelten Gebiet befindet, kam es zu gewaltt\u00e4tigen Protesten lokaler Anwohner. <a href=\"https:\/\/www.youtube.com\/watch?v=qfEzBBGAKPU\">Hier klicken, um den Bericht zu lesen.<\/a><\/p>\n\n\n\n<p>Laut Berichten des <strong>Rape Crisis Centre (RCC) Irland<\/strong> geben \u00dcberlebende von Fl\u00fcchtlingen und Asylsuchenden sexuelle Gewalt am ehesten zu Hause des T\u00e4ters (27\u202f%) oder im eigenen Zuhause (22\u202f%) an. Ein erheblicher Teil der Vorf\u00e4lle ereignete sich in Gef\u00e4ngnissen oder Rebellen-\/Regierungslagern (16\u202f% bzw. 5\u202f%) oder an anderen Au\u00dfenorten (9\u202f%). In 90\u202f% der gemeldeten F\u00e4lle ging die sexuelle Gewalt mit anderen Formen k\u00f6rperlicher Gewalt einher.<\/p>\n\n\n\n<figure class=\"wp-block-image size-large\"><img loading=\"lazy\" decoding=\"async\" width=\"1024\" height=\"178\" src=\"https:\/\/helvilux.lu\/wp-content\/uploads\/2025\/12\/rape-crisis-ireland-testonomy-helvilux-1024x178.png\" alt=\"\u201cI come from Zimbabwe, where sexual abuse is very high. In many areas, it is normalized to the point that it becomes a way of life rather than a crime. Most victims never speak up because of fear of bringing shame to their families. Often, they are abused by close relatives and have no one trustworthy to confide in.\u201d\" class=\"wp-image-1057\" srcset=\"https:\/\/helvilux.lu\/wp-content\/uploads\/2025\/12\/rape-crisis-ireland-testonomy-helvilux-1024x178.png 1024w, https:\/\/helvilux.lu\/wp-content\/uploads\/2025\/12\/rape-crisis-ireland-testonomy-helvilux-300x52.png 300w, https:\/\/helvilux.lu\/wp-content\/uploads\/2025\/12\/rape-crisis-ireland-testonomy-helvilux-768x134.png 768w, https:\/\/helvilux.lu\/wp-content\/uploads\/2025\/12\/rape-crisis-ireland-testonomy-helvilux-150x26.png 150w, https:\/\/helvilux.lu\/wp-content\/uploads\/2025\/12\/rape-crisis-ireland-testonomy-helvilux-696x121.png 696w, https:\/\/helvilux.lu\/wp-content\/uploads\/2025\/12\/rape-crisis-ireland-testonomy-helvilux-1068x186.png 1068w, https:\/\/helvilux.lu\/wp-content\/uploads\/2025\/12\/rape-crisis-ireland-testonomy-helvilux.png 1280w\" sizes=\"auto, (max-width: 1024px) 100vw, 1024px\" \/><\/figure>\n\n\n\n<p>Im Gross Britania wurden mehrere Vorf\u00e4lle sexuellen Missbrauchs von weiblichen Asylsuchenden durch Mitarbeitende in Unterk\u00fcnften des Home Office gemeldet. Laut <strong><a href=\"https:\/\/rapecrisis.org.uk\/\">Rape Crisis England and Wales<\/a><\/strong> war ein Fall die iranische Frau Lana, die vor Todesdrohungen aus ihrem Heimatland geflohen war und sp\u00e4ter von einem Mitarbeitenden in einer Unterkunft im Vereinigten K\u00f6nigreich missbraucht wurde. Der Mann gab f\u00e4lschlicherweise vor, Manager zu sein, gewann ihr Vertrauen, nachdem sie Bel\u00e4stigung durch einen anderen Mitarbeitenden gemeldet hatte, und nutzte seine Position, um sie emotional zu manipulieren und zu einem missbr\u00e4uchlichen Verh\u00e4ltnis zu zwingen.<\/p>\n\n\n<div class=\"wp-block-image\">\n<figure class=\"alignleft size-full is-resized\"><img loading=\"lazy\" decoding=\"async\" width=\"300\" height=\"180\" src=\"https:\/\/helvilux.lu\/wp-content\/uploads\/2025\/12\/He-was-allowed-to-return-to-work-and-continue-targeting-other-women.png\" alt=\"\" class=\"wp-image-1055\" style=\"width:240px;height:auto\" srcset=\"https:\/\/helvilux.lu\/wp-content\/uploads\/2025\/12\/He-was-allowed-to-return-to-work-and-continue-targeting-other-women.png 300w, https:\/\/helvilux.lu\/wp-content\/uploads\/2025\/12\/He-was-allowed-to-return-to-work-and-continue-targeting-other-women-150x90.png 150w\" sizes=\"auto, (max-width: 300px) 100vw, 300px\" \/><\/figure>\n<\/div>\n\n\n<p>Trotz ihrer formellen Beschwerde und der vor\u00fcbergehenden Suspendierung des T\u00e4ters unternahm das Home Office offenbar keine weiteren Schritte und erkl\u00e4rte, es handele sich um <strong>&#8220;ihr Wort gegen seins&#8221;<\/strong>. Der Mann durfte an seinen Arbeitsplatz zur\u00fcckkehren und setzte seine \u00dcbergriffe auf andere Frauen fort. Laut Rape Crisis f\u00fchrten 14\u202f% der Vorf\u00e4lle, die gegen weibliche Fl\u00fcchtlinge und Asylsuchende ver\u00fcbt wurden, zu einer Schwangerschaft; von diesen Frauen betreuen mittlerweile 67\u202f% das Kind.<\/p>\n\n\n\n<p>Laut einem Bericht vom 14. September 2013 in The Guardian: &#8220;Yarl&#8217;s Wood wird von <a href=\"https:\/\/www.theguardian.com\/business\/sercogroup\">Serco<\/a> im Auftrag des Home Office betrieben. Zuvor zahlte das Unternehmen eine nicht n\u00e4her genannte Summe an eine 29-j\u00e4hrige Asylsuchende aus Pakistan, die angab, von einer Krankenschwester in Yarl\u2019s Wood sexuell missbraucht worden zu sein, obwohl das Unternehmen keine Haftung einr\u00e4umte. Die schockierenden Details der neuesten Vorw\u00fcrfe d\u00fcrften eine umfassende Untersuchung der Leitung des Zentrums ausl\u00f6sen.\u201c <a href=\"https:\/\/www.theguardian.com\/uk-news\/2013\/sep\/14\/detainees-yarls-wood-sexual-abuse\">Hier klicken, um den Bericht zu lesen.<\/a><\/p>\n\n\n\n<p><a href=\"http:\/\/www.theguardian.com\/uk-news\/2014\/may\/17\/mps-serco-yarls-wood-centre-sex-assault-claim\">Die Untersuchung <\/a>begann, nachdem das Unternehmen gezwungen war, einen geheimen internen Bericht offenzulegen, der Belege daf\u00fcr enthielt, dass es eine Behauptung \u00fcber wiederholte sexuelle \u00dcbergriffe eines Mitarbeiters gegen eine weibliche Bewohnerin im <strong>Yarl\u2019s Wood Immigration Detention Centre<\/strong> nicht ordnungsgem\u00e4\u00df untersucht hatte. <a href=\"https:\/\/www.crimeandjustice.org.uk\/serco-be-investigated-over-sex-assault-claim\">Hier klicken, um den Bericht zu lesen.<\/a><\/p>\n\n\n\n<p>Unterdessen berichtet die <a href=\"http:\/\/www.ft.com\/cms\/s\/0\/3196ad60-dd08-11e3-ba13-00144feabdc0.html\">Financial Times<\/a>, dass Serco einen Vertrag \u00fcber <strong>\u00a3520\u202fMio<\/strong>. erhielt, um weiterhin das Northern Rail Franchise zu betreiben, obwohl das Unternehmen zu diesem Zeitpunkt noch vom Serious Fraud Office wegen angeblicher \u00dcberberechnung bei elektronischen \u00dcberwachungsvertr\u00e4gen untersucht wurde.<\/p>\n\n\n\n<p>Laut dem <a href=\"https:\/\/www.nao.org.uk\/\">National Audit Office <\/a>ist Serco eines von vier gro\u00dfen Outsourcing-Unternehmen (neben <a href=\"https:\/\/www.g4s.com\/\">G4S<\/a>, <a href=\"https:\/\/atos.net\/en\/\">Atos<\/a> und <a href=\"https:\/\/www.capita.com\/\">Capita<\/a>), die 2013 Vertr\u00e4ge im Wert von <strong>\u00a36,6\u202fMrd.<\/strong> innehatten, von der Verwaltung von Gef\u00e4ngnissen bis hin zur Ausbildung von RAF-Piloten. Im Jahr 2020 erhielt Serco vom Home Office einen <strong>200-Millionen-Pfund-Vertrag<\/strong> zur Verwaltung von zwei weiteren <strong>Immigration Removal Centres<\/strong> in Gro\u00dfbritannien: <strong>Brook House<\/strong> und <strong>Tinsley House<\/strong>. (Klicken Sie hier, um die Berichte <a href=\"https:\/\/www.crimeandjustice.org.uk\/serco-be-investigated-over-sex-assault-claim\">1<\/a>, 2 und 3 einzusehen.)<\/p>\n\n\n<div class=\"wp-block-image\">\n<figure class=\"alignleft size-large is-resized\"><a href=\"https:\/\/helvilux.lu\/wp-content\/uploads\/2025\/12\/image-35.png\"><img loading=\"lazy\" decoding=\"async\" width=\"1024\" height=\"489\" src=\"https:\/\/helvilux.lu\/wp-content\/uploads\/2025\/12\/image-35-1024x489.png\" alt=\"\" class=\"wp-image-1077\" style=\"aspect-ratio:2.0949309843092534;width:231px;height:auto\" srcset=\"https:\/\/helvilux.lu\/wp-content\/uploads\/2025\/12\/image-35-1024x489.png 1024w, https:\/\/helvilux.lu\/wp-content\/uploads\/2025\/12\/image-35-300x143.png 300w, https:\/\/helvilux.lu\/wp-content\/uploads\/2025\/12\/image-35-768x367.png 768w, https:\/\/helvilux.lu\/wp-content\/uploads\/2025\/12\/image-35-1536x733.png 1536w, https:\/\/helvilux.lu\/wp-content\/uploads\/2025\/12\/image-35-880x420.png 880w, https:\/\/helvilux.lu\/wp-content\/uploads\/2025\/12\/image-35-150x72.png 150w, https:\/\/helvilux.lu\/wp-content\/uploads\/2025\/12\/image-35-696x332.png 696w, https:\/\/helvilux.lu\/wp-content\/uploads\/2025\/12\/image-35-1068x510.png 1068w, https:\/\/helvilux.lu\/wp-content\/uploads\/2025\/12\/image-35.png 1634w\" sizes=\"auto, (max-width: 1024px) 100vw, 1024px\" \/><\/a><figcaption class=\"wp-element-caption\"><strong>\u00a9<\/strong> <a href=\"https:\/\/www.refugee-action.org.uk\/\" data-type=\"link\" data-id=\"https:\/\/www.refugee-action.org.uk\/\">Refugee action UK organisation<\/a><\/figcaption><\/figure>\n<\/div>\n\n\n<p>Laut einem Bericht der Organisation <a href=\"https:\/\/www.refugee-action.org.uk\/\">Refugee Action UK<\/a> gab die Regierung im Juli 2023 an, dass das Asylsystem derzeit j\u00e4hrlich etwa \u00a33\u202fMrd. kostet und die Ausgaben steigen. Laut den Halbjahresergebnissen von Serco 2023 stieg der Umsatz um 13\u202f% oder \u00a3294\u202fMio. auf \u00a32.472\u202fMio. (2022: \u00a32.178\u202fMio.). Der operative Gewinn vor Sonderposten stieg um 14\u202f% oder \u00a318\u202fMio. auf \u00a3148\u202fMio. (2022: \u00a3130\u202fMio.). <a href=\"https:\/\/www.refugee-action.org.uk\/wanted\/\">Hier klicken, um den Bericht zu lesen<\/a><\/p>\n\n\n\n<p>Laut dem UK Home Affairs Committee, vierte Sitzungsperiode 2024\u201326, <strong>&#8220;haben sich die erwarteten Kosten der Asylunterkunftsvertr\u00e4ge des Home Office f\u00fcr die zehn Jahre von 2019\u201329 mehr als verdreifacht, von \u00a34,5\u202fMrd. auf \u00a315,3\u202fMrd.&#8221;<\/strong> <a href=\"https:\/\/committees.parliament.uk\/publications\/49900\/documents\/268016\/default\/\">Hier klicken, um den Bericht zu lesen<\/a><\/p>\n\n\n<div class=\"wp-block-image\">\n<figure class=\"alignleft size-full\"><a href=\"https:\/\/www.telegraph.co.uk\/news\/2025\/12\/13\/mahmood-foreign-sex-offender-rights-prioritised-british\/\"><img loading=\"lazy\" decoding=\"async\" width=\"300\" height=\"80\" src=\"https:\/\/helvilux.lu\/wp-content\/uploads\/2025\/12\/shabana-mahmood-uk-home-secretary.png\" alt=\"\" class=\"wp-image-1084\" srcset=\"https:\/\/helvilux.lu\/wp-content\/uploads\/2025\/12\/shabana-mahmood-uk-home-secretary.png 300w, https:\/\/helvilux.lu\/wp-content\/uploads\/2025\/12\/shabana-mahmood-uk-home-secretary-150x40.png 150w\" sizes=\"auto, (max-width: 300px) 100vw, 300px\" \/><\/a><figcaption class=\"wp-element-caption\"><a href=\"https:\/\/www.telegraph.co.uk\/authors\/c\/cf-cj\/charles-hymas\/\">Charles Hymas<\/a> <strong>\u00a9<\/strong><a href=\"https:\/\/www.telegraph.co.uk\/news\/2025\/12\/13\/mahmood-foreign-sex-offender-rights-prioritised-british\/\" data-type=\"link\" data-id=\"https:\/\/www.telegraph.co.uk\/news\/2025\/12\/13\/mahmood-foreign-sex-offender-rights-prioritised-british\/\"> The Telegraph<\/a><\/figcaption><\/figure>\n<\/div>\n\n\n<p>K\u00fcrzlich erkl\u00e4rte Innenministerin Shabana Mahmood angesichts der sexuellen \u00dcbergriffe an einer Teenagerin durch afghanische Migranten und der daraus resultierenden Emp\u00f6rung im Vereinigten K\u00f6nigreich, dass sie eine Reform des Menschenrechtsgesetzes erw\u00e4ge, um die Abschiebung ausl\u00e4ndischer Sexualstraft\u00e4ter zu erm\u00f6glichen. Allerdings haben jahrelange Berichte und Untersuchungen bereits gezeigt, dass bislang keine konkreten Programme umgesetzt wurden, um erstmalige Asylbewerber und undokumentierte Migranten \u00fcber korrektes Verhalten gegen\u00fcber Frauen und die rechtlichen Konsequenzen sexueller Gewalt aufzukl\u00e4ren. Helvilux versuchte, das Home Office zu einer Stellungnahme zu kontaktieren, erhielt jedoch keine Antwort.<\/p>\n\n\n\n<p>Ein aktuelles Urteil des High Court im Vereinigten K\u00f6nigreich hat erneut die Vers\u00e4umnisse des Home Office offengelegt. Wie der Guardian berichtet, stellte <a href=\"https:\/\/www.judiciary.uk\/guidance-and-resources\/mrs-justice-jefford\/\">Richterin Mrs Justice Jefford<\/a> fest, dass das Home Office es vers\u00e4umt habe, schutzbed\u00fcrftige Migranten zu sch\u00fctzen, und dass Systeme, die unmenschliche und erniedrigende Behandlung verhindern sollen, \u00fcber Jahre hinweg rechtswidrig versagt h\u00e4tten (<a href=\"https:\/\/www.theguardian.com\/uk-news\/2025\/dec\/15\/home-office-fails-to-protect-vulnerable-migrants-high-court-judge-rules\">Hier klicken, um den Bericht zu lesen<\/a>).<\/p>\n\n\n<div class=\"wp-block-image\">\n<figure class=\"alignright size-large is-resized\"><a href=\"https:\/\/helvilux.lu\/wp-content\/uploads\/2025\/12\/asylumseeker-rape-matter-uk-afghani-helvilux.jpg\"><img loading=\"lazy\" decoding=\"async\" width=\"1024\" height=\"768\" src=\"https:\/\/helvilux.lu\/wp-content\/uploads\/2025\/12\/asylumseeker-rape-matter-uk-afghani-helvilux-1024x768.jpg\" alt=\"\" class=\"wp-image-1039\" style=\"width:337px;height:auto\" srcset=\"https:\/\/helvilux.lu\/wp-content\/uploads\/2025\/12\/asylumseeker-rape-matter-uk-afghani-helvilux-1024x768.jpg 1024w, https:\/\/helvilux.lu\/wp-content\/uploads\/2025\/12\/asylumseeker-rape-matter-uk-afghani-helvilux-300x225.jpg 300w, https:\/\/helvilux.lu\/wp-content\/uploads\/2025\/12\/asylumseeker-rape-matter-uk-afghani-helvilux-768x576.jpg 768w, https:\/\/helvilux.lu\/wp-content\/uploads\/2025\/12\/asylumseeker-rape-matter-uk-afghani-helvilux-560x420.jpg 560w, https:\/\/helvilux.lu\/wp-content\/uploads\/2025\/12\/asylumseeker-rape-matter-uk-afghani-helvilux-80x60.jpg 80w, https:\/\/helvilux.lu\/wp-content\/uploads\/2025\/12\/asylumseeker-rape-matter-uk-afghani-helvilux-150x113.jpg 150w, https:\/\/helvilux.lu\/wp-content\/uploads\/2025\/12\/asylumseeker-rape-matter-uk-afghani-helvilux-696x522.jpg 696w, https:\/\/helvilux.lu\/wp-content\/uploads\/2025\/12\/asylumseeker-rape-matter-uk-afghani-helvilux-1068x801.jpg 1068w, https:\/\/helvilux.lu\/wp-content\/uploads\/2025\/12\/asylumseeker-rape-matter-uk-afghani-helvilux.jpg 1280w\" sizes=\"auto, (max-width: 1024px) 100vw, 1024px\" \/><\/a><figcaption class=\"wp-element-caption\">Hintergrundfoto: \u00a9 News Link 1, 2, 3, 4, 5, 6, 7<\/figcaption><\/figure>\n<\/div>\n\n\n<p>Ein lokaler Bewohner Dublins, der gegen\u00fcber <strong>Helvilux<\/strong> anonym sprechen wollte, sagte: <strong>&#8220;In den letzten Monaten haben wir einen gro\u00dfen Zustrom von Asylsuchenden aus Indien und Pakistan erlebt. Wir haben mehrfach Berichte geh\u00f6rt, dass Asylsuchende sich danebenbenommen oder versucht haben, minderj\u00e4hrige M\u00e4dchen unter dem Vorwand von Freundschaft zu bel\u00e4stigen, sp\u00e4ter aber behaupteten, es handele sich um ein \u201akulturelles Missverst\u00e4ndnis\u2018. Was unternimmt die Regierung, um dem entgegenzuwirken? Die lokale Wut w\u00e4chst, es kommt zu gewaltt\u00e4tigen Protesten in der N\u00e4he von Hotels, die Asylsuchende beherbergen, und die Polizei nimmt Demonstranten fest. Infolgedessen nehmen die \u00f6ffentliche Feindseligkeit und die Ressentiments gegen\u00fcber undokumentierten Migranten und Asylsuchenden in Irland zu.&#8221;<\/strong><\/p>\n\n\n<div class=\"wp-block-image\">\n<figure class=\"alignleft size-full is-resized\"><a href=\"https:\/\/helvilux.lu\/wp-content\/uploads\/2025\/12\/attractive-news-in-india-media-incouraging-to-settle-ireland-helvilux.png\"><img loading=\"lazy\" decoding=\"async\" width=\"300\" height=\"180\" src=\"https:\/\/helvilux.lu\/wp-content\/uploads\/2025\/12\/attractive-news-in-india-media-incouraging-to-settle-ireland-helvilux.png\" alt=\"\" class=\"wp-image-1062\" style=\"aspect-ratio:1.666796722590714;width:205px;height:auto\" srcset=\"https:\/\/helvilux.lu\/wp-content\/uploads\/2025\/12\/attractive-news-in-india-media-incouraging-to-settle-ireland-helvilux.png 300w, https:\/\/helvilux.lu\/wp-content\/uploads\/2025\/12\/attractive-news-in-india-media-incouraging-to-settle-ireland-helvilux-150x90.png 150w\" sizes=\"auto, (max-width: 300px) 100vw, 300px\" \/><\/a><figcaption class=\"wp-element-caption\">Europa in der Krise, aber Indiens Schlagzeilen sagen: \u201eKommt doch her\u00fcber!\u201c \u00a9 <a href=\"https:\/\/www.ndtv.com\/lifestyle\/ireland-is-offering-a-permanent-residency-for-under-rs-52000-and-indians-can-apply-too-9205290\">NDTV<\/a><\/figcaption><\/figure>\n<\/div>\n\n\n<p>Sie f\u00fcgte hinzu: <strong><mark style=\"background-color:rgba(0, 0, 0, 0)\" class=\"has-inline-color has-vivid-red-color\">&#8220;Einige Migranten zeigen sogar attraktive Nachrichtenartikel aus indischen und pakistanischen Medien, die hervorheben, wie einfach es sei, einen Pass zu erhalten und sich in Irland niederzulassen.&#8221;<\/mark><\/strong><\/p>\n\n\n\n<p>Leider berichten die gleichen Medien nur selten \u00fcber die Gr\u00fcnde, warum ihre B\u00fcrger das Land verlassen, oder \u00fcber die aktuellen zivilen Krisen in Indien und Pakistan. Laut den <strong><a href=\"https:\/\/www.reporter-ohne-grenzen.de\/?gad_source=1&amp;gad_campaignid=8117573204&amp;gbraid=0AAAAADuANuD26Y4LXFFiMI53UZJ1EERV3&amp;gclid=CjwKCAiA3fnJBhAgEiwAyqmY5WWs_nQpcheZZHitoE6ZJrTcxaF4Ru1-_qogezKHq7E1VBl0sdKCvBoCHYgQAvD_BwE\">Ranglisten von Reporter ohne Grenzen 2025<\/a><\/strong> belegte Indien Platz 151 und Pakistan Platz 152 von 180 L\u00e4ndern, was die gravierenden Herausforderungen f\u00fcr die Pressefreiheit widerspiegelt.<\/p>\n\n\n\n<h2 class=\"wp-block-heading\"><strong><strong>Verborgene Traumata, sichtbare Bedrohung: Unbegleitete Jungen und die Risiken in Italien<\/strong><\/strong><\/h2>\n\n\n<div class=\"wp-block-image\">\n<figure class=\"alignleft size-full\"><a href=\"https:\/\/www.telegraph.co.uk\/world-news\/2025\/12\/11\/migrant-on-the-run-found-hiding-in-nativity-scene-in-italy\/\"><img loading=\"lazy\" decoding=\"async\" width=\"300\" height=\"240\" src=\"https:\/\/helvilux.lu\/wp-content\/uploads\/2025\/12\/the-telegraph-italy.png\" alt=\"\" class=\"wp-image-1066\" srcset=\"https:\/\/helvilux.lu\/wp-content\/uploads\/2025\/12\/the-telegraph-italy.png 300w, https:\/\/helvilux.lu\/wp-content\/uploads\/2025\/12\/the-telegraph-italy-150x120.png 150w\" sizes=\"auto, (max-width: 300px) 100vw, 300px\" \/><\/a><figcaption class=\"wp-element-caption\">Zwischen Freiheit und Schicksal gefangen, versteckte sich der Ghanaer unter den Weisen, wurde jedoch entdeckt und verhaftet. (Foto \u00a9 <a href=\"https:\/\/www.telegraph.co.uk\/world-news\/2025\/12\/11\/migrant-on-the-run-found-hiding-in-nativity-scene-in-italy\/\">The Telegraph<\/a>)<\/figcaption><\/figure>\n<\/div>\n\n\n<p>In Italien stammen laut einem Bericht der <a href=\"https:\/\/www.womensrefugeecommission.org\/\">Women\u2019s Refugee Commission<\/a> aus dem Jahr 2018 die meisten neuen Ank\u00fcnfte aus Tunesien und Eritrea. Die \u00fcberwiegende Mehrheit der unbegleiteten Kinder, die nach Italien kommen, sind m\u00e4nnliche Jugendliche, die h\u00e4ufig famili\u00e4ren Konflikten oder Gewalt entfliehen. Von 720 unbegleiteten und getrennt lebenden Kindern (97\u202f% Jungen), die 2016 und 2017 in Italien interviewt wurden, berichtete fast jeder Dritte, sein Herkunftsland aufgrund von Gewalt oder famili\u00e4ren Problemen verlassen zu haben; bei Kindern aus Gambia stieg dieser Wert auf fast die H\u00e4lfte. (<a href=\"https:\/\/www.womensrefugeecommission.org\/wp-content\/uploads\/2020\/04\/Libya-Italy-Report-03-2019.pdf\">Hier klicken, um den Bericht zu lesen<\/a>).<\/p>\n\n\n\n<p>Eine Umfrage von <a href=\"https:\/\/www.unicef.org\/\"><strong>UNICEF<\/strong> <\/a>aus dem Jahr 2018 ergab, dass 73\u202f% von 244 m\u00e4nnlichen Fl\u00fcchtlings- und Migrantenjugendlichen in Europa aufgrund von bewaffneten Konflikten, Armut oder Gewalt geflohen sind. Laut dem Bericht stie\u00dfen Kinderrechtsbeauftragte h\u00e4ufig auf Berichte \u00fcber sexuellen Kontakt zwischen Jungen und erwachsenen M\u00e4nnern in ihren Herkunftsl\u00e4ndern: <br><strong>&#8220;Marokkanische, tunesische, aber auch eritreische, westafrikanische und sogar \u00e4gyptische Jungen &#8211; M\u00e4nner und Jungen haben Sex, das ist [normalisiert]. Sie sagen: &#8216;Meine erste Erfahrung war, als ich auf einer Geburtstagsfeier tanzte und viele M\u00e4nner da waren \u2013 das war meine erste sexuelle Erfahrung.'&#8221;<\/strong><\/p>\n\n\n\n<figure class=\"wp-block-image size-large\"><img loading=\"lazy\" decoding=\"async\" width=\"1024\" height=\"178\" src=\"https:\/\/helvilux.lu\/wp-content\/uploads\/2025\/12\/One-program-officer-also-reported-in-Womens-Refugee-Commission-report-Helvilux-1024x178.png\" alt=\"One program officer also reported in Women's Refugee Commission report that, \u201cMost of the sexual abuse [of gay refugees and migrants] was related to their life in Africa. Many were abused by people inside the family, like an uncle. They relate to that, saying that is how they became gay. They say, \u2018I became gay because my uncle was raping me.\u2019 \u2026 If we go deeper into what they are saying, there is a lot of confusion.\u201d \" class=\"wp-image-1058\" srcset=\"https:\/\/helvilux.lu\/wp-content\/uploads\/2025\/12\/One-program-officer-also-reported-in-Womens-Refugee-Commission-report-Helvilux-1024x178.png 1024w, https:\/\/helvilux.lu\/wp-content\/uploads\/2025\/12\/One-program-officer-also-reported-in-Womens-Refugee-Commission-report-Helvilux-300x52.png 300w, https:\/\/helvilux.lu\/wp-content\/uploads\/2025\/12\/One-program-officer-also-reported-in-Womens-Refugee-Commission-report-Helvilux-768x134.png 768w, https:\/\/helvilux.lu\/wp-content\/uploads\/2025\/12\/One-program-officer-also-reported-in-Womens-Refugee-Commission-report-Helvilux-150x26.png 150w, https:\/\/helvilux.lu\/wp-content\/uploads\/2025\/12\/One-program-officer-also-reported-in-Womens-Refugee-Commission-report-Helvilux-696x121.png 696w, https:\/\/helvilux.lu\/wp-content\/uploads\/2025\/12\/One-program-officer-also-reported-in-Womens-Refugee-Commission-report-Helvilux-1068x186.png 1068w, https:\/\/helvilux.lu\/wp-content\/uploads\/2025\/12\/One-program-officer-also-reported-in-Womens-Refugee-Commission-report-Helvilux.png 1280w\" sizes=\"auto, (max-width: 1024px) 100vw, 1024px\" \/><\/figure>\n\n\n\n<p>Diese Erkenntnisse zeigen, dass viele unbegleitete m\u00e4nnliche Fl\u00fcchtlingsjugendliche in ihren Herkunftsl\u00e4ndern sexuellen Missbrauch und Traumata erlebt haben. Dies wirft Besorgnis \u00fcber potenzielle Risiken \u00e4hnlichen sch\u00e4dlichen Verhaltens in Europa auf, das diesmal Frauen und Minderj\u00e4hrige betreffen k\u00f6nnte.<\/p>\n\n\n\n<h2 class=\"wp-block-heading\"><strong><strong>Unsicher im Ausland, unsicher zu Hause<\/strong><\/strong><\/h2>\n\n\n<div class=\"wp-block-image\">\n<figure class=\"alignright size-large is-resized\"><a href=\"https:\/\/helvilux.lu\/wp-content\/uploads\/2025\/11\/india-global-ranking-helvilux.png\"><img loading=\"lazy\" decoding=\"async\" width=\"576\" height=\"1024\" src=\"https:\/\/helvilux.lu\/wp-content\/uploads\/2025\/11\/india-global-ranking-helvilux-576x1024.png\" alt=\"\" class=\"wp-image-650\" style=\"aspect-ratio:0.5625198854597518;width:217px;height:auto\" srcset=\"https:\/\/helvilux.lu\/wp-content\/uploads\/2025\/11\/india-global-ranking-helvilux-576x1024.png 576w, https:\/\/helvilux.lu\/wp-content\/uploads\/2025\/11\/india-global-ranking-helvilux-169x300.png 169w, https:\/\/helvilux.lu\/wp-content\/uploads\/2025\/11\/india-global-ranking-helvilux-768x1365.png 768w, https:\/\/helvilux.lu\/wp-content\/uploads\/2025\/11\/india-global-ranking-helvilux-864x1536.png 864w, https:\/\/helvilux.lu\/wp-content\/uploads\/2025\/11\/india-global-ranking-helvilux-236x420.png 236w, https:\/\/helvilux.lu\/wp-content\/uploads\/2025\/11\/india-global-ranking-helvilux-150x267.png 150w, https:\/\/helvilux.lu\/wp-content\/uploads\/2025\/11\/india-global-ranking-helvilux-300x533.png 300w, https:\/\/helvilux.lu\/wp-content\/uploads\/2025\/11\/india-global-ranking-helvilux-696x1237.png 696w, https:\/\/helvilux.lu\/wp-content\/uploads\/2025\/11\/india-global-ranking-helvilux-1068x1899.png 1068w, https:\/\/helvilux.lu\/wp-content\/uploads\/2025\/11\/india-global-ranking-helvilux.png 1080w\" sizes=\"auto, (max-width: 576px) 100vw, 576px\" \/><\/a><\/figure>\n<\/div>\n\n\n<p>Reisende Frauen, auch aus westlichen L\u00e4ndern, sind manchmal Sicherheitsrisiken ausgesetzt, wenn sie verschiedene L\u00e4nder im Ausland besuchen. So wurden beispielsweise F\u00e4lle von \u00dcbergriffen auf ausl\u00e4ndische Touristinnen in mehreren L\u00e4ndern gemeldet, darunter Indien, wo K\u00fche als heilig wie eine Mutter angesehen werden: In diesem Jahr wurde eine Franz\u00f6sin in Rajasthan vergewaltigt, 2024 wurde ein spanisches Paar in Ostindien attackiert, im Oktober 2023 wurde eine Schweizer Frau angekettet, erstickt und in der N\u00e4he einer Schule in Delhi zur\u00fcckgelassen, eine israelische Touristin wurde von einem Homestay-Gastgeber in Zentralindien vergewaltigt, 2014 wurde eine d\u00e4nische Touristin vergewaltigt, und eine Schweizer Touristin wurde in Madhya Pradesh vergewaltigt. Damals \u00e4u\u00dferte der Schweizer Au\u00dfenminister, dass er &#8220;zutiefst schockiert\u201c sei, nachdem eine Schweizer Touristin im zentralindischen Bundesstaat Madhya Pradesh vergewaltigt worden war, und nannte den Vorfall einen &#8220;tragischen Zwischenfall\u201c.<\/p>\n\n\n\n<p>\u00c4hnliche F\u00e4lle treten auch in anderen L\u00e4ndern auf, in denen westliche Frauen Misshandlungen und sexuellen \u00dcbergriffen ausgesetzt sind, wobei die Opfer bis heute h\u00e4ufig keine Gerechtigkeit erfahren. (Hier klicken, um alle Berichte zu lesen: <a href=\"https:\/\/www.swissinfo.ch\/eng\/society\/rape-cases-still-cast-a-shadow-on-india-tourism\/41405362\">1<\/a>, <a href=\"https:\/\/www.thehindu.com\/news\/national\/rajasthan\/french-woman-raped-in-udaipur-police-looking-for-accused\/article69731906.ece#google_vignette\">2<\/a>, 3, <a href=\"https:\/\/indianexpress.com\/article\/cities\/delhi\/bag-over-her-head-chains-around-her-limbs-when-delhi-woke-up-to-a-brutal-murder-of-a-swiss-woman-2-years-ago-10327215\/\">4<\/a>, <a href=\"https:\/\/www.bbc.com\/news\/articles\/cd92y5np4xgo\">5<\/a>, <a href=\"https:\/\/www.cbc.ca\/news\/world\/india-police-danish-tourist-gang-rape-lasted-hours-1.2498620\">6<\/a>, <a href=\"https:\/\/www.bbc.com\/news\/world-asia-india-21812849\">7<\/a>, <a href=\"https:\/\/www.swissinfo.ch\/eng\/demographics\/foreign-ministry-shocked-by-india-rape\/35247118\">8<\/a>).<\/p>\n\n\n\n<p>K\u00fcrzlich ging ein Video viral, das einen pakistanischen Fahrer in Kanada zeigt, der einer einheimischen Passagierin drohende Bemerkungen machte. Er soll gesagt haben: <strong>&#8220;Wenn du in Pakistan geboren wurdest\u2026 musst du von mir entf\u00fchrt worden sein&#8221;<\/strong>, und f\u00fcgte hinzu: <strong>&#8220;Da du jetzt in Kanada bist, kann ich dich nicht anfassen.&#8221;<\/strong><\/p>\n\n\n\n<p>Gleichzeitig deuten Berichte auf Vorf\u00e4lle mit einzelnen Personen hin, die internationalen Schutz suchen oder Migranten in westlichen L\u00e4ndern sind. Dies unterstreicht die Bedeutung wirksamer Integrations- und Pr\u00e4ventionsma\u00dfnahmen, um die Sicherheit aller Bewohner zu gew\u00e4hrleisten. Es zeigt die dringende Notwendigkeit f\u00fcr die <strong>lokalen Beh\u00f6rden, strenge Ma\u00dfnahmen zu ergreifen. Starke und effektive Schutzma\u00dfnahmen sind derzeit die einzige Hoffnung, damit Frauen sich in ihren eigenen Gemeinden sicher f\u00fchlen k\u00f6nnen.<\/strong><\/p>\n\n\n<div class=\"wp-block-image\">\n<figure class=\"alignleft size-full\"><a href=\"https:\/\/www.tagesanzeiger.ch\/passagier-vergewaltigt-15-jaehrige-auf-flug-nach-zuerich-371707504566\"><img loading=\"lazy\" decoding=\"async\" width=\"300\" height=\"80\" src=\"https:\/\/helvilux.lu\/wp-content\/uploads\/2025\/12\/indian-passenger-rape-15-year-old.png\" alt=\"\" class=\"wp-image-1063\" srcset=\"https:\/\/helvilux.lu\/wp-content\/uploads\/2025\/12\/indian-passenger-rape-15-year-old.png 300w, https:\/\/helvilux.lu\/wp-content\/uploads\/2025\/12\/indian-passenger-rape-15-year-old-150x40.png 150w\" sizes=\"auto, (max-width: 300px) 100vw, 300px\" \/><\/a><figcaption class=\"wp-element-caption\"><em>Berichtet von <a href=\"https:\/\/www.derbund.ch\/author\/42150620\/thomas-mathis\" data-type=\"link\" data-id=\"https:\/\/www.derbund.ch\/author\/42150620\/thomas-mathis\">Thomas Mathis<\/a> <\/em> \u00a9&nbsp; <a href=\"https:\/\/www.tagesanzeiger.ch\/passagier-vergewaltigt-15-jaehrige-auf-flug-nach-zuerich-371707504566\" data-type=\"link\" data-id=\"https:\/\/www.tagesanzeiger.ch\/passagier-vergewaltigt-15-jaehrige-auf-flug-nach-zuerich-371707504566\">Tages Anzeiger<\/a><\/figcaption><\/figure>\n<\/div>\n\n\n<h3 class=\"wp-block-heading\"><strong><strong>Frauen nicht sicher im Flugzeug<\/strong><\/strong><\/h3>\n\n\n\n<p>Ein 15-j\u00e4hriges M\u00e4dchen, das mit ihrer Familie auf einem internationalen Flug von Mumbai nach Z\u00fcrich unterwegs war, wurde von einem <a href=\"https:\/\/www.tagesanzeiger.ch\/passagier-vergewaltigt-15-jaehrige-auf-flug-nach-zuerich-371707504566\">44-j\u00e4hrigen indischen Gesch\u00e4ftsmann<\/a>, der neben ihr sa\u00df und auf dem Weg nach Belgien \u00fcber Z\u00fcrich war, sexuell bel\u00e4stigt. Das minderj\u00e4hrige M\u00e4dchen alarmierte schnell ihre Familie, und durch das Eingreifen der Flugbegleiterinnen wurde der Beschuldigte getrennt und in einen anderen Bereich gebracht, bis das Flugzeug landete, woraufhin er der Schweizer Polizei \u00fcbergeben wurde.<\/p>\n\n\n\n<p>Vor Gericht gestand der Beschuldigte und erkl\u00e4rte, er habe <strong>&#8220;sich nicht beherrschen k\u00f6nnen&#8221;<\/strong>, da das Kind w\u00e4hrend des neunst\u00fcndigen Fluges neben ihm geschlafen habe. Er wurde f\u00fcr mehrere Tage in einem Schweizer Gef\u00e4ngnis festgehalten, vom Bezirksgericht B\u00fclach wegen sexueller N\u00f6tigung verurteilt und anschlie\u00dfend nach Delhi abgeschoben. Er erhielt eine Bew\u00e4hrungsstrafe, eine Entscheidung, die einige Einheimische erz\u00fcrnte. Gleichzeitig h\u00e4tte die Inhaftierung des verurteilten Vergewaltigers in einem Schweizer Gef\u00e4ngnis eine zus\u00e4tzliche finanzielle Belastung f\u00fcr die Steuerzahler bedeutet und war nicht unbedingt die effektivste Option. Aus diesem Grund wurde die Entscheidung des Richters von rational denkenden Beobachtern als pragmatisches Ergebnis betrachtet.<\/p>\n\n\n\n<p>Nach dem Urteil kontaktierte <strong><a href=\"https:\/\/helvilux.lu\" data-type=\"link\" data-id=\"https:\/\/helvilux.lu\">Helvilux Media<\/a><\/strong> die indischen Beh\u00f6rden mit der Aufforderung, den Beschuldigten zumindest in Gewahrsam zu nehmen, um den Ruf des Landes zu sch\u00fctzen und Kinder in Indien zu sch\u00fctzen, sowie seinen Pass zu widerrufen, damit er k\u00fcnftig keine minderj\u00e4hrigen M\u00e4dchen in anderen L\u00e4ndern sexuell missbraucht. Wie h\u00e4ufig \u00fcblich, blieben die indischen Beh\u00f6rden jedoch still. Trotz tausender Medien in Indien wurde der Vorfall nur von ein oder zwei lokalen Medien berichtet, w\u00e4hrend zahlreiche internationale Medien dar\u00fcber berichteten. <a href=\"https:\/\/www.tagesanzeiger.ch\/passagier-vergewaltigt-15-jaehrige-auf-flug-nach-zuerich-371707504566\">Klicken Sie hier, um den Bericht einzusehen.<\/a><\/p>\n\n\n\n<h3 class=\"wp-block-heading\"><strong><strong>1 von 3 Nicht-EU-Arbeitern in Italiens Agrarsektor kommt aus Indien<\/strong><\/strong><\/h3>\n\n\n<div class=\"wp-block-image\">\n<figure class=\"alignright size-large is-resized\"><img loading=\"lazy\" decoding=\"async\" width=\"1024\" height=\"683\" src=\"https:\/\/helvilux.lu\/wp-content\/uploads\/2025\/12\/image-31-1024x683.png\" alt=\"\" class=\"wp-image-1064\" style=\"aspect-ratio:1.500028157909557;width:302px;height:auto\" srcset=\"https:\/\/helvilux.lu\/wp-content\/uploads\/2025\/12\/image-31-1024x683.png 1024w, https:\/\/helvilux.lu\/wp-content\/uploads\/2025\/12\/image-31-300x200.png 300w, https:\/\/helvilux.lu\/wp-content\/uploads\/2025\/12\/image-31-768x512.png 768w, https:\/\/helvilux.lu\/wp-content\/uploads\/2025\/12\/image-31-630x420.png 630w, https:\/\/helvilux.lu\/wp-content\/uploads\/2025\/12\/image-31-150x100.png 150w, https:\/\/helvilux.lu\/wp-content\/uploads\/2025\/12\/image-31-696x464.png 696w, https:\/\/helvilux.lu\/wp-content\/uploads\/2025\/12\/image-31-1068x712.png 1068w, https:\/\/helvilux.lu\/wp-content\/uploads\/2025\/12\/image-31.png 1200w\" sizes=\"auto, (max-width: 1024px) 100vw, 1024px\" \/><figcaption class=\"wp-element-caption\"><a href=\"https:\/\/www.csmonitor.com\/World\/Europe\/2020\/0521\/Lacking-seasonal-workers-Italy-elevates-its-long-shunned-migrants\">Der Christian Science Monitor ver\u00f6ffentlichte <\/a>einen Artikel zu diesem Thema. Foto: \u00a9 <a href=\"https:\/\/widerimage.reuters.com\/photographer\/guglielmo-mangiapane.html\">Guglielmo Mangiapane<\/a> \/ <a href=\"https:\/\/www.reuters.com\/\">Reuter<\/a><a href=\"https:\/\/www.reuters.com\/\" data-type=\"link\" data-id=\"https:\/\/www.reuters.com\/\">s<\/a><\/figcaption><\/figure>\n<\/div>\n\n\n<p>Laut Berichten stammen die meisten Asylsuchenden aus Indien, meist alleinstehende M\u00e4nner aus den n\u00f6rdlichen Bundesstaaten, insbesondere Haryana, Punjab und Jharkhand, die internationalen Schutz in Italien, Deutschland, den Niederlanden und anderen EU-L\u00e4ndern beantragen. Laut einem AIDA-Bericht beantragten im Jahr 2024 etwa 4.885 indische Staatsb\u00fcrger Asyl in Italien von insgesamt 158.605 Antragstellern. Interessanterweise wurde die AIDA-Seite, die diese Daten ver\u00f6ffentlichte, inzwischen von der Website entfernt. Dies deutet erneut auf ernsthafte Probleme in Indien hin, w\u00e4hrend andernorts der Eindruck entsteht, dass diese Probleme eher verschwiegen oder ignoriert werden.<\/p>\n\n\n\n<p>Ein Bericht der Generaldirektion f\u00fcr Einwanderungs- und Integrationspolitik des italienischen Arbeits- und Sozialministeriums stellte fest: <strong>&#8220;Es ist bemerkenswert, dass etwa jeder dritte Nicht-EU-Besch\u00e4ftigte im Agrarsektor indischer Staatsb\u00fcrger ist.&#8221;<\/strong> Migration, einschlie\u00dflich Arbeitsmigration aus verschiedenen L\u00e4ndern, unterstreicht daher die Notwendigkeit klarer Integrationsprogramme direkt bei Ankunft.<\/p>\n\n\n<div class=\"wp-block-image\">\n<figure class=\"alignleft size-full is-resized\"><a href=\"https:\/\/x.com\/KingLeo16296\/status\/1721914633894903972\"><img loading=\"lazy\" decoding=\"async\" width=\"602\" height=\"852\" src=\"https:\/\/helvilux.lu\/wp-content\/uploads\/2025\/12\/image-29.png\" alt=\"Whenever a rape incident involving a woman or a minor occurs, social media reacts very quickly. In such cases, the 1981 L\u00fcbeck, Germany, story of Marianne Bachmeier often goes viral. Her seven-year-old daughter, Anna, was raped and murdered, and during the murderer\u2019s court trial, Bachmeier shot and killed him inside the courtroom.\" class=\"wp-image-1051\" style=\"aspect-ratio:0.7065993905180596;width:195px;height:auto\" srcset=\"https:\/\/helvilux.lu\/wp-content\/uploads\/2025\/12\/image-29.png 602w, https:\/\/helvilux.lu\/wp-content\/uploads\/2025\/12\/image-29-212x300.png 212w, https:\/\/helvilux.lu\/wp-content\/uploads\/2025\/12\/image-29-297x420.png 297w, https:\/\/helvilux.lu\/wp-content\/uploads\/2025\/12\/image-29-150x212.png 150w, https:\/\/helvilux.lu\/wp-content\/uploads\/2025\/12\/image-29-300x425.png 300w\" sizes=\"auto, (max-width: 602px) 100vw, 602px\" \/><\/a><figcaption class=\"wp-element-caption\">\u00a9 <a href=\"https:\/\/www.noz.de\/deutschland-welt\/xl-magazin\/artikel\/maerz-1981-marianne-bachmeier-erschiesst-den-moerder-ihrer-tochter-20814090\" data-type=\"link\" data-id=\"https:\/\/www.noz.de\/deutschland-welt\/xl-magazin\/artikel\/maerz-1981-marianne-bachmeier-erschiesst-den-moerder-ihrer-tochter-20814090\">Marianne Bachmeier<\/a><\/figcaption><\/figure>\n<\/div>\n\n\n<h2 class=\"wp-block-heading\"><strong><strong>Wenn Trag\u00f6dien passieren, entz\u00fcndet Social Media die Gem\u00fcter<\/strong><\/strong><\/h2>\n\n\n\n<p>Wann immer ein Vorfall von Vergewaltigung einer Frau oder Minderj\u00e4hrigen auftritt, reagiert <strong>Social Media<\/strong> sehr schnell. In solchen F\u00e4llen wird oft die <strong>Geschichte von Marianne Bachmeier aus L\u00fcbeck 1981<\/strong> viral geteilt. Ihre siebenj\u00e4hrige Tochter Anna wurde vergewaltigt und ermordet, und w\u00e4hrend des Gerichtsverfahrens erschoss Bachmeier den M\u00f6rder im Gerichtssaal. <a href=\"https:\/\/www.noz.de\/deutschland-welt\/xl-magazin\/artikel\/maerz-1981-marianne-bachmeier-erschiesst-den-moerder-ihrer-tochter-20814090\">Klicken Sie hier, um den Bericht einzusehen.<\/a> Dieser Fall l\u00f6ste in Deutschland eine breite \u00f6ffentliche Debatte \u00fcber Gerechtigkeit, Trauer und Selbstjustiz aus. Auch heute tauchen Posts und Videos zu diesem Fall h\u00e4ufig wieder auf Social Media auf, was zu intensiven Diskussionen f\u00fchrt und teilweise eine gef\u00e4hrliche Denkweise beg\u00fcnstigt, in der Gewalt als gerechtfertigt angesehen wird. Regierungen sollten daher die Emotionen der lokalen Bev\u00f6lkerung nicht untersch\u00e4tzen oder auf die Probe stellen. Proaktive Ma\u00dfnahmen sind erforderlich, um weitere Vorf\u00e4lle zu verhindern, die soziale Unruhen oder einen Vertrauensverlust in die Beh\u00f6rden ausl\u00f6sen k\u00f6nnten.<\/p>\n\n\n\n<h2 class=\"wp-block-heading\"><strong>Gef\u00e4hrliche Inhalte in sozialen Medien: Ein Beispiel aus Italien<\/strong><\/h2>\n\n\n<div class=\"wp-block-image\">\n<figure class=\"alignright size-large is-resized\"><img loading=\"lazy\" decoding=\"async\" width=\"1024\" height=\"572\" src=\"https:\/\/helvilux.lu\/wp-content\/uploads\/2025\/12\/image-27-1024x572.png\" alt=\"\" class=\"wp-image-1046\" style=\"aspect-ratio:1.7894860597917366;width:329px;height:auto\" srcset=\"https:\/\/helvilux.lu\/wp-content\/uploads\/2025\/12\/image-27-1024x572.png 1024w, https:\/\/helvilux.lu\/wp-content\/uploads\/2025\/12\/image-27-300x168.png 300w, https:\/\/helvilux.lu\/wp-content\/uploads\/2025\/12\/image-27-768x429.png 768w, https:\/\/helvilux.lu\/wp-content\/uploads\/2025\/12\/image-27-752x420.png 752w, https:\/\/helvilux.lu\/wp-content\/uploads\/2025\/12\/image-27-150x84.png 150w, https:\/\/helvilux.lu\/wp-content\/uploads\/2025\/12\/image-27-696x389.png 696w, https:\/\/helvilux.lu\/wp-content\/uploads\/2025\/12\/image-27.png 1054w\" sizes=\"auto, (max-width: 1024px) 100vw, 1024px\" \/><figcaption class=\"wp-element-caption\">Ein diplomatischer Handschlag, gefolgt von ungebetenen Ratschl\u00e4gen. Foto: \u00a9 CNBC TV18<\/figcaption><\/figure>\n<\/div>\n\n\n<p>Eine italienische Sozialarbeiterin, die in einem Asyllager in der Provinz Avellino arbeitet, berichtete gegen\u00fcber Helvilux: <strong>&#8220;W\u00e4hrend des offiziellen Besuchs der italienischen Premierministerin Giorgia Meloni beim Gaza-Friedensgipfel soll der t\u00fcrkische Pr\u00e4sident Recep Tayyip Erdo\u011fan sie beraten haben, mit dem Rauchen aufzuh\u00f6ren, w\u00e4hrend er ihr Aussehen lobte. Zwei Jahre zuvor, vor ihrem Besuch in Indien f\u00fcr den G20-Gipfel, wurden Fotos und Videos von ihr mit dem indischen Premierminister Narendra Modi weit verbreitet in sozialen Medien von Anh\u00e4ngern der regierenden BJP geteilt. Diese Posts wurden von irref\u00fchrenden, romantisierten Ger\u00fcchten und Memes begleitet, die eine pers\u00f6nliche Beziehung suggerierten, oft mit Slogans wie &#8216;Meloni liebt Modi \u2013 Paar auf der B\u00fchne&#8217;. Ein Video kontrastierte Modis Interaktionen mit anderen Frauen und zeigte selektiv bearbeitete Clips von Meloni mit ihm, unterlegt mit romantischer Musik, um Bevorzugung zu suggerieren. Solche Memes k\u00f6nnen in sozialen Medien Grenzen des Respekts \u00fcberschreiten und verdeutlichen die Notwendigkeit, global auf Gleichstellungsnormen aufmerksam zu machen. Wenn eine prominente europ\u00e4ische Politikerin solchen Angriffen ausgesetzt sein kann, kann man sich vorstellen, wie gew\u00f6hnliche europ\u00e4ische Frauen weltweit behandelt werden k\u00f6nnten.&#8221;<\/strong> (Hier klicken, um die Videos <a href=\"https:\/\/www.youtube.com\/shorts\/WMDBYci6aPM\">1<\/a> und <a href=\"https:\/\/www.youtube.com\/shorts\/lWJODNjATnQ\">2<\/a> anzusehen.)<\/p>\n\n\n\n<p>Es ist bemerkenswert, dass k\u00fcrzlich bei der Ver\u00f6ffentlichung der <strong>Epstein-Akten<\/strong> auch der Name Modi auftauchte. Jeffrey Epstein hatte vorgeschlagen, ein Treffen zwischen Modi und dem ehemaligen White-House-Chefstrategen Steve Bannon zu arrangieren. <a href=\"https:\/\/thewire.in\/world\/jeffrey-epstein-offered-to-set-up-meeting-with-modi-and-ex-trump-white-house-chief-strategist-steve-bannon-report\">Hier klicken, um den Bericht zu lesen.<\/a><\/p>\n\n\n<div class=\"wp-block-image\">\n<figure class=\"alignleft size-full is-resized\"><img loading=\"lazy\" decoding=\"async\" width=\"332\" height=\"580\" src=\"https:\/\/helvilux.lu\/wp-content\/uploads\/2025\/12\/image-28.png\" alt=\"\" class=\"wp-image-1047\" style=\"width:154px;height:auto\" srcset=\"https:\/\/helvilux.lu\/wp-content\/uploads\/2025\/12\/image-28.png 332w, https:\/\/helvilux.lu\/wp-content\/uploads\/2025\/12\/image-28-172x300.png 172w, https:\/\/helvilux.lu\/wp-content\/uploads\/2025\/12\/image-28-240x420.png 240w, https:\/\/helvilux.lu\/wp-content\/uploads\/2025\/12\/image-28-150x262.png 150w, https:\/\/helvilux.lu\/wp-content\/uploads\/2025\/12\/image-28-300x524.png 300w\" sizes=\"auto, (max-width: 332px) 100vw, 332px\" \/><figcaption class=\"wp-element-caption\">\u00a9 Mirror Now<\/figcaption><\/figure>\n<\/div>\n\n\n<p>Indische Medien berichten selten \u00fcber ernsthafte zivile Probleme, und Premierminister Narendra Modi hat seit seinem Amtsantritt am 26. Mai 2014 keine einzige formelle Pressekonferenz abgehalten. Dennoch verbreiteten sowohl Mainstream- als auch Social Media weitl\u00e4ufig Geschichten, die Giorgia Meloni und Narendra Modi <strong>&#8220;als Paar auf der B\u00fchne&#8221;<\/strong> darstellten.<\/p>\n\n\n\n<p>Gleichzeitig wird online systematisch Inhalt verbreitet, der Premierminister Modi und die regierende Bharatiya Janata Party (BJP) unterst\u00fctzt, verst\u00e4rkt durch die IT-Abteilung der BJP \u2013 ein Netzwerk parteinahe Mitarbeiter und Unterst\u00fctzer in den sozialen Medien, die Narrative f\u00f6rdern, die mit der Ideologie der Partei \u00fcbereinstimmen.<\/p>\n\n\n\n<p>Dies wirft eine wichtige Frage auf: Wurde das Narrativ \u201eMeloni liebt Modi\u201c organisch geschaffen oder politisch inszeniert? Falls ja, geschah dies unter der direkten Anleitung von Premierminister Modi selbst, da nur er auf internationaler Ebene glaubhaft eine solche Darstellung best\u00e4tigen oder zur\u00fcckweisen k\u00f6nnte? (Klicken Sie hier, um das Video anzusehen. (<a href=\"https:\/\/www.youtube.com\/watch?v=qUpa09Ww-dA\" data-type=\"link\" data-id=\"https:\/\/www.youtube.com\/watch?v=qUpa09Ww-dA\">Click to watch the video<\/a>).<\/p>\n\n\n\n<p>Verantwortliche Regierungsbeh\u00f6rden, Organisationen und Einzelpersonen, die zu diesem Thema kontaktiert wurden, k\u00f6nnen ihre Stellungnahmen noch einreichen. <strong><a href=\"https:\/\/helvilux.lu\">HELVILUX<\/a><\/strong> wird alle Updates in diesem Abschnitt ver\u00f6ffentlichen und entsprechend kennzeichnen. Leserinnen und Leser, die ihre Meinung teilen m\u00f6chten, sind eingeladen, unten einen Kommentar zu hinterlassen oder uns per E-Mail an <strong><a>helvilux@gmail.com<\/a><\/strong> zu schreiben.<\/p>\n\n\n\n<pre class=\"wp-block-code\"><code>Dies ist eine laufende Geschichte. Helvilux Media wird das Thema weiterhin verfolgen und Updates sowie Folgeberichte bereitstellen, sobald weitere Informationen verf\u00fcgbar sind.\n<strong>Update \u2013 16. Dezember 2025:<\/strong> Helvilux Media bat die betreffenden Organisationen um R\u00fcckmeldungen bis zum 16. Dezember 2025, 18:00, da der Artikel urspr\u00fcnglich f\u00fcr den 17. Dezember 2025 geplant war. Aufgrund der Dringlichkeit des Themas und laufender Vorf\u00e4lle, die die Sicherheit von Frauen betreffen, entschied die Redaktion, den Artikel bereits am 16. Dezember 2025 zu ver\u00f6ffentlichen. Einige Organisationen hatten mehrere Tage Zeit zu antworten, gaben jedoch keine Eingangsbest\u00e4tigung; sp\u00e4tere R\u00fcckmeldungen werden als Updates erg\u00e4nzt.\n<strong>Update \u2013 16. Dezember 2025:<\/strong> Caritas Schweiz hat Helvilux Media heute kontaktiert und wertvolle Informationen dazu gegeben, wie Asylsuchende im Kanton Z\u00fcrich am Integrationsworkshop Swissinfo teilnehmen. Der Artikel wurde entsprechend aktualisiert.\n<strong>Update \u2013 16. Dezember 2025:<\/strong> Die Mediensprecherin des Eidgen\u00f6ssischen Justiz- und Polizeidepartements (EJPD), Staatssekretariat f\u00fcr Migration (SEM), kontaktierte Helvilux Media, um zu kl\u00e4ren, dass ein zuvor ver\u00f6ffentlichter Link auf ihrer Website nicht mehr aktiv ist und inzwischen ge\u00e4ndert wurde, der Artikel jedoch weiterhin auf der Website vorhanden ist. F\u00fcr die Leserinnen und Leser wurde der aktualisierte Link im Artikel erg\u00e4nzt.\n<strong>Update \u2013 16. Dezember 2025:<\/strong> Die Direktion Kommunikation der Cit\u00e9 polici\u00e8re Grand-Duc Henri (Luxemburg) kontaktierte Helvilux Media und teilte mit, dass sie in K\u00fcrze weitere Informationen zum Schutz von Frauen und Kindern bereitstellen wird. Sobald diese vorliegen, werden sie im Artikel f\u00fcr die Leserinnen und Leser ver\u00f6ffentlicht.\n<strong>Update \u2013 16. Dezember 2025:<\/strong> Anna Schmid, die Sprecherin der Sans-Papiers Anlaufstelle Z\u00fcrich, hat Helvilux kontaktiert und weitere Informationen zu Sicherheits- und anderen Anliegen von undokumentierten Frauen im Kanton Z\u00fcrich gegeben, die in diesen Artikel aufgenommen wurden.\n<strong>Update \u2013 16. Dezember 2025:<\/strong> Der Sprecher von ASTI a.s.b.l., S\u00e9rgio Ferreira, \u00e4u\u00dferte Bedenken hinsichtlich der nicht eingehaltenen Frist von Helvilux, da der Artikel einen Tag im Voraus ver\u00f6ffentlicht wurde. W\u00e4hrend sie dies zur Kenntnis genommen haben, haben sie noch keine Stellungnahme zur Sicherheit der lokalen Frauen und Kinder in Luxemburg abgegeben. Wir warten auf ihre Antwort und werden den Artikel entsprechend aktualisieren, sobald diese eingegangen ist.\n<strong>Update \u2013 16. Dezember 2025:<\/strong> Nadia Sambuco, Mediensprecherin und Fachspezialistin f\u00fcr Information &amp; Kommunikation in der Fachstelle Integration des Kantons Z\u00fcrich, hat Helvilux Informationen zur Verf\u00fcgung gestellt, die nun im Artikel aktualisiert wurden.\n<strong>Update \u2013 16. Dezember 2025:<\/strong> Serco, das Unternehmen, das in Gro\u00dfbritannien f\u00fcr die Betreuung und Integration von Asylsuchenden zust\u00e4ndig ist, hat Helvilux Media eine Antwort \u00fcbermittelt. Der Artikel wurde entsprechend aktualisiert, um diese Informationen einzubeziehen.\n<strong>Update \u2013 19. Dezember 2025: <\/strong>Samira Marti, Mitglied des Nationalrates der Schweiz (SP), wurde von HELVILUX kontaktiert, da sie von Zeit zu Zeit \u00f6ffentlich Stellung zu Themen wie Gleichstellung der Geschlechter, Gewalt gegen Frauen, Asyl- und Integrationspolitik sowie soziale Sicherheit genommen hat, wie es sich in ihrer parlamentarischen Arbeit widerspiegelt. Sobald wir ihre Antwort bis zum 9. Januar 2026 erhalten, werden wir den Artikel entsprechend aktualisieren.<\/code><\/pre>\n\n\n\n<p><\/p>\n\n\n\n<div class=\"wp-block-geodirectory-geodir-widget-report-post\"><\/div>\n","protected":false},"excerpt":{"rendered":"<p>Schutz kommt mit Verantwortung: Warum Gender-Respect-Training verpflichtend sein sollte Luxemburg (HELVILUX) \u2013 Luxemburg, die Schweiz, Deutschland, das Vereinigte K\u00f6nigreich, Irland und andere EU-Mitgliedstaaten bieten Asylsuchenden unterschiedliche Leistungen an. Zahlreiche unterst\u00fctzende Organisationen erhalten F\u00f6rdermittel sowohl auf kantonaler (Landes-) als auch auf nationaler Ebene. Dennoch bleiben Fragen offen, inwieweit Anstrengungen unternommen werden, um Asylsuchende \u00fcber angemessenes Verhalten [&hellip;]<\/p>\n","protected":false},"author":3,"featured_media":1039,"comment_status":"open","ping_status":"open","sticky":false,"template":"","format":"standard","meta":{"inline_featured_image":false,"footnotes":""},"categories":[67],"tags":[],"class_list":{"0":"post-1082","1":"post","2":"type-post","3":"status-publish","4":"format-standard","5":"has-post-thumbnail","7":"category-lu-de"},"_links":{"self":[{"href":"https:\/\/helvilux.lu\/index.php\/wp-json\/wp\/v2\/posts\/1082","targetHints":{"allow":["GET"]}}],"collection":[{"href":"https:\/\/helvilux.lu\/index.php\/wp-json\/wp\/v2\/posts"}],"about":[{"href":"https:\/\/helvilux.lu\/index.php\/wp-json\/wp\/v2\/types\/post"}],"author":[{"embeddable":true,"href":"https:\/\/helvilux.lu\/index.php\/wp-json\/wp\/v2\/users\/3"}],"replies":[{"embeddable":true,"href":"https:\/\/helvilux.lu\/index.php\/wp-json\/wp\/v2\/comments?post=1082"}],"version-history":[{"count":0,"href":"https:\/\/helvilux.lu\/index.php\/wp-json\/wp\/v2\/posts\/1082\/revisions"}],"wp:featuredmedia":[{"embeddable":true,"href":"https:\/\/helvilux.lu\/index.php\/wp-json\/wp\/v2\/media\/1039"}],"wp:attachment":[{"href":"https:\/\/helvilux.lu\/index.php\/wp-json\/wp\/v2\/media?parent=1082"}],"wp:term":[{"taxonomy":"category","embeddable":true,"href":"https:\/\/helvilux.lu\/index.php\/wp-json\/wp\/v2\/categories?post=1082"},{"taxonomy":"post_tag","embeddable":true,"href":"https:\/\/helvilux.lu\/index.php\/wp-json\/wp\/v2\/tags?post=1082"}],"curies":[{"name":"wp","href":"https:\/\/api.w.org\/{rel}","templated":true}]}}